{"id":64341,"date":"2025-10-28T13:55:05","date_gmt":"2025-10-28T10:55:05","guid":{"rendered":"https:\/\/www.egemtv.com\/?p=64341"},"modified":"2025-10-28T13:55:11","modified_gmt":"2025-10-28T10:55:11","slug":"manisada-cumhuriyet-bayrami-kutlamalari-basladi","status":"publish","type":"post","link":"https:\/\/www.egemtv.com\/?p=64341","title":{"rendered":"Manisa\u2019da Cumhuriyet Bayram\u0131 kutlamalar\u0131 ba\u015flad\u0131"},"content":{"rendered":"<p>Cumhuriyetin 102\u2019nci y\u0131l\u0131 kutlamalar\u0131 Manisa\u2019da \u00e7elenk sunma t\u00f6reni ile ba\u015flad\u0131. T\u00f6renin ard\u0131ndan Heykelt\u0131ra\u015f Sel\u00e7uk Yaz\u0131c\u0131 taraf\u0131ndan yap\u0131lan ve Atat\u00fcrk\u2019\u00fcn 10 farkl\u0131 d\u00f6nemini yans\u0131tan heykel sergisi b\u00fcy\u00fck ilgi g\u00f6rd\u00fc.<br \/>\n<br \/>Manisa\u2019da 29 Ekim Cumhuriyet Bayram\u0131 kutlamalar\u0131, Cumhuriyet Meydan\u0131ndaki Atat\u00fcrk ve Milli Egemenlik An\u0131t\u0131\u2019na \u00e7elenk sunma t\u00f6reniyle ba\u015flad\u0131.<br \/>\n<br \/>Manisa Valili\u011fi \u00f6nc\u00fcl\u00fc\u011f\u00fcnde d\u00fczenlenen t\u00f6rende, Manisa Valisi Vahdettin \u00d6zkan, Garnizon Komutan\u0131 Tu\u011fgeneral Birol Arslan ve Manisa B\u00fcy\u00fck\u015fehir Belediye Ba\u015fkan\u0131 Besim Dutlulu an\u0131ta \u00e7elenk sundu. Sayg\u0131 duru\u015funda bulunulmas\u0131 ve \u0130stiklal Mar\u015f\u0131\u2019n\u0131n okunmas\u0131n\u0131n ard\u0131ndan Cumhuriyetin 102\u2019nci y\u0131l\u0131 kutlamalar\u0131 resmen ba\u015flam\u0131\u015f oldu.<br \/>\n<br \/>T\u00f6renin ard\u0131ndan protokol \u00fcyeleri, Fatih Sergi Salonu\u2019nda Heykelt\u0131ra\u015f Sel\u00e7uk Yaz\u0131c\u0131 taraf\u0131ndan haz\u0131rlanan 1905-1938 y\u0131llar\u0131 aras\u0131 10 farkl\u0131 d\u00f6nemi temsil eden Atat\u00fcrk b\u00fcstleri serisinden olu\u015fan heykel sergisini gezdi. Sergide Heykelt\u0131ra\u015f Yaz\u0131c\u0131\u2019dan b\u00fcstler hakk\u0131nda bilgi alan Manisa Valisi Vahdettin \u00d6zkan, g\u00fczel \u00e7al\u0131\u015fmalar i\u00e7in te\u015fekk\u00fcr etti.<br \/>\n<br \/>Manisal\u0131lar taraf\u0131ndan yo\u011fun ilgi g\u00f6ren sergi, Cumhuriyet Bayram\u0131 etkinlikleri kapsam\u0131nda hafta boyunca ziyarete a\u00e7\u0131k olacak.<br \/><\/p>\n","protected":false},"excerpt":{"rendered":"<p>Cumhuriyetin 102\u2019nci y\u0131l\u0131 kutlamalar\u0131 Manisa\u2019da \u00e7elenk sunma t\u00f6reni ile ba\u015flad\u0131. T\u00f6renin ard\u0131ndan Heykelt\u0131ra\u015f Sel\u00e7uk Yaz\u0131c\u0131 taraf\u0131ndan yap\u0131lan ve Atat\u00fcrk\u2019\u00fcn 10 farkl\u0131 d\u00f6nemini yans\u0131tan heykel sergisi b\u00fcy\u00fck ilgi g\u00f6rd\u00fc. Manisa\u2019da 29 Ekim Cumhuriyet Bayram\u0131 kutlamalar\u0131, Cumhuriyet Meydan\u0131ndaki Atat\u00fcrk ve Milli Egemenlik An\u0131t\u0131\u2019na \u00e7elenk sunma t\u00f6reniyle ba\u015flad\u0131. Manisa Valili\u011fi \u00f6nc\u00fcl\u00fc\u011f\u00fcnde d\u00fczenlenen t\u00f6rende, Manisa Valisi Vahdettin \u00d6zkan, Garnizon&#8230;<\/p>\n","protected":false},"author":1,"featured_media":64342,"comment_status":"open","ping_status":"open","sticky":false,"template":"","format":"standard","meta":{"_crdt_document":"","footnotes":""},"categories":[1],"tags":[],"class_list":["post-64341","post","type-post","status-publish","format-standard","has-post-thumbnail","hentry","category-guncel"],"_links":{"self":[{"href":"https:\/\/www.egemtv.com\/index.php?rest_route=\/wp\/v2\/posts\/64341","targetHints":{"allow":["GET"]}}],"collection":[{"href":"https:\/\/www.egemtv.com\/index.php?rest_route=\/wp\/v2\/posts"}],"about":[{"href":"https:\/\/www.egemtv.com\/index.php?rest_route=\/wp\/v2\/types\/post"}],"author":[{"embeddable":true,"href":"https:\/\/www.egemtv.com\/index.php?rest_route=\/wp\/v2\/users\/1"}],"replies":[{"embeddable":true,"href":"https:\/\/www.egemtv.com\/index.php?rest_route=%2Fwp%2Fv2%2Fcomments&post=64341"}],"version-history":[{"count":1,"href":"https:\/\/www.egemtv.com\/index.php?rest_route=\/wp\/v2\/posts\/64341\/revisions"}],"predecessor-version":[{"id":64343,"href":"https:\/\/www.egemtv.com\/index.php?rest_route=\/wp\/v2\/posts\/64341\/revisions\/64343"}],"wp:featuredmedia":[{"embeddable":true,"href":"https:\/\/www.egemtv.com\/index.php?rest_route=\/wp\/v2\/media\/64342"}],"wp:attachment":[{"href":"https:\/\/www.egemtv.com\/index.php?rest_route=%2Fwp%2Fv2%2Fmedia&parent=64341"}],"wp:term":[{"taxonomy":"category","embeddable":true,"href":"https:\/\/www.egemtv.com\/index.php?rest_route=%2Fwp%2Fv2%2Fcategories&post=64341"},{"taxonomy":"post_tag","embeddable":true,"href":"https:\/\/www.egemtv.com\/index.php?rest_route=%2Fwp%2Fv2%2Ftags&post=64341"}],"curies":[{"name":"wp","href":"https:\/\/api.w.org\/{rel}","templated":true}]}}