{"id":64338,"date":"2025-10-28T13:35:49","date_gmt":"2025-10-28T10:35:49","guid":{"rendered":"https:\/\/www.egemtv.com\/?p=64338"},"modified":"2025-10-28T13:36:13","modified_gmt":"2025-10-28T10:36:13","slug":"koskte-aile-ile-birlikte-uretiyoruz-yemek-yarismasi-yapildi","status":"publish","type":"post","link":"https:\/\/www.egemtv.com\/?p=64338","title":{"rendered":"K\u00f6\u015fk\u2019te &#8220;Aile ile birlikte \u00fcretiyoruz&#8221; yemek yar\u0131\u015fmas\u0131 yap\u0131ld\u0131"},"content":{"rendered":"<p>K\u00f6\u015fk Mesleki ve Teknik Anadolu Lisesi\u2019nde d\u00fczenlenen, aileler \u00e7ocuklar\u0131yla birlikte mutfak at\u00f6lyesinde k\u0131yas\u0131ya yar\u0131\u015ft\u0131.<\/p>\n<p>2025 Aile Y\u0131l\u0131 kapsam\u0131nda &#8220;Aile ile Birlikte \u00dcretiyoruz&#8221; projesi K\u00f6\u015fk mesleki ve Teknik Anadolu Lisesi\u2019nde hayata ge\u00e7irildi. Yar\u0131\u015fmada Ayd\u0131n usul\u00fc pa\u015fa b\u00f6re\u011fi ve kabak tatl\u0131s\u0131 men\u00fcs\u00fc yap\u0131ld\u0131. Anne ve k\u0131z\u0131ndan olu\u015fan yar\u0131\u015fmac\u0131lar bilgi ve el h\u00fcnerlerini ortaya koydu.<\/p>\n<p>K\u00f6\u015fk Mesleki ve Teknik Anadolu Lisesi\u2019nde sekiz \u00f6\u011frenci, anneleriyle birlikte ekipler halinde tatl\u0131 bir rekabet i\u00e7inde yar\u0131\u015ft\u0131. Aile ba\u011flar\u0131n\u0131 g\u00fc\u00e7lendiren, \u00fcretmenin mutlulu\u011funu ya\u015fatan etkinlikte birincili\u011fi Fatma, \u00d6zg\u00fcl K\u0131rtepe, ikincili\u011fi G\u00f6zde Bulut, Eyl\u00fcl Naz \u00d6nal, \u00fc\u00e7\u00fcnc\u00fcl\u00fc\u011f\u00fc Ay\u015fe, \u0130rem Su S\u00f6nmez\u2019e verildi.<\/p>\n<p>Kat\u0131lan b\u00fct\u00fcn velilere g\u00fcn\u00fcn an\u0131s\u0131na plaket hediye edilirken. Birinciye tost makinas\u0131 ikinciye \u00e7ay makinas\u0131, \u00fc\u00e7\u00fcnc\u00fcye ayr\u0131ca kahve makinas\u0131 hediye edildi.<br \/><\/p>\n","protected":false},"excerpt":{"rendered":"<p>K\u00f6\u015fk Mesleki ve Teknik Anadolu Lisesi\u2019nde d\u00fczenlenen, aileler \u00e7ocuklar\u0131yla birlikte mutfak at\u00f6lyesinde k\u0131yas\u0131ya yar\u0131\u015ft\u0131. 2025 Aile Y\u0131l\u0131 kapsam\u0131nda &#8220;Aile ile Birlikte \u00dcretiyoruz&#8221; projesi K\u00f6\u015fk mesleki ve Teknik Anadolu Lisesi\u2019nde hayata ge\u00e7irildi. Yar\u0131\u015fmada Ayd\u0131n usul\u00fc pa\u015fa b\u00f6re\u011fi ve kabak tatl\u0131s\u0131 men\u00fcs\u00fc yap\u0131ld\u0131. Anne ve k\u0131z\u0131ndan olu\u015fan yar\u0131\u015fmac\u0131lar bilgi ve el h\u00fcnerlerini ortaya koydu. K\u00f6\u015fk Mesleki ve&#8230;<\/p>\n","protected":false},"author":1,"featured_media":64339,"comment_status":"open","ping_status":"open","sticky":false,"template":"","format":"standard","meta":{"_crdt_document":"","footnotes":""},"categories":[1],"tags":[],"class_list":["post-64338","post","type-post","status-publish","format-standard","has-post-thumbnail","hentry","category-guncel"],"_links":{"self":[{"href":"https:\/\/www.egemtv.com\/index.php?rest_route=\/wp\/v2\/posts\/64338","targetHints":{"allow":["GET"]}}],"collection":[{"href":"https:\/\/www.egemtv.com\/index.php?rest_route=\/wp\/v2\/posts"}],"about":[{"href":"https:\/\/www.egemtv.com\/index.php?rest_route=\/wp\/v2\/types\/post"}],"author":[{"embeddable":true,"href":"https:\/\/www.egemtv.com\/index.php?rest_route=\/wp\/v2\/users\/1"}],"replies":[{"embeddable":true,"href":"https:\/\/www.egemtv.com\/index.php?rest_route=%2Fwp%2Fv2%2Fcomments&post=64338"}],"version-history":[{"count":1,"href":"https:\/\/www.egemtv.com\/index.php?rest_route=\/wp\/v2\/posts\/64338\/revisions"}],"predecessor-version":[{"id":64340,"href":"https:\/\/www.egemtv.com\/index.php?rest_route=\/wp\/v2\/posts\/64338\/revisions\/64340"}],"wp:featuredmedia":[{"embeddable":true,"href":"https:\/\/www.egemtv.com\/index.php?rest_route=\/wp\/v2\/media\/64339"}],"wp:attachment":[{"href":"https:\/\/www.egemtv.com\/index.php?rest_route=%2Fwp%2Fv2%2Fmedia&parent=64338"}],"wp:term":[{"taxonomy":"category","embeddable":true,"href":"https:\/\/www.egemtv.com\/index.php?rest_route=%2Fwp%2Fv2%2Fcategories&post=64338"},{"taxonomy":"post_tag","embeddable":true,"href":"https:\/\/www.egemtv.com\/index.php?rest_route=%2Fwp%2Fv2%2Ftags&post=64338"}],"curies":[{"name":"wp","href":"https:\/\/api.w.org\/{rel}","templated":true}]}}