{"id":64335,"date":"2025-10-28T13:34:54","date_gmt":"2025-10-28T10:34:54","guid":{"rendered":"https:\/\/www.egemtv.com\/?p=64335"},"modified":"2025-10-28T13:35:11","modified_gmt":"2025-10-28T10:35:11","slug":"marmarisin-sampiyon-cocuklari-yine-madalyalari-topladi","status":"publish","type":"post","link":"https:\/\/www.egemtv.com\/?p=64335","title":{"rendered":"Marmaris\u2019in \u015fampiyon \u00e7ocuklar\u0131 yine madalyalar\u0131 toplad\u0131"},"content":{"rendered":"<p>Mu\u011fla\u2019n\u0131n Marmaris il\u00e7esinde kat\u0131ld\u0131klar\u0131 her m\u00fcsabakada madalya ve kupa ile d\u00f6nen Kickboks sporcular\u0131 en son kat\u0131ld\u0131klar\u0131 Cumhuriyet kupas\u0131nda da 11 madalya ve bir kupa ile il\u00e7eye gurur ya\u015fatt\u0131.<\/p>\n<p>T\u00fcrkiye Kickboks Federasyonu Mu\u011fla il temsilcili\u011fi taraf\u0131ndan Mu\u011fla\u2019da d\u00fczenlenen turnuvada 11 birincilik madalyas\u0131 kazanan 9 ile 17 ya\u015flar\u0131ndaki \u00f6\u011frenciler hedeflerinin d\u00fcnya \u015fampiyonlu\u011fu oldu\u011funu ifade ettiler.<\/p>\n<p>Marmaris Terkan Ercan Kickboks Kul\u00fcb\u00fcn\u00fcn \u015fampiyon \u00f6\u011frencileri Karahan \u00c7ink\u0131l\u0131\u00e7, Alya Ercan, Tunca \u00dcnal, Murat Kaya, Hira Ercan, Tu\u011fba Yavuz, Zeynep G\u00fcl, Cemre Jane Tekin,  Esmey Elif Yumruk\u00e7u, Zeynep Balc\u0131, Oktar Marko Din\u00e7, ba\u015far\u0131lar\u0131n\u0131 haftan\u0131n \u00fc\u00e7 g\u00fcn\u00fc yapt\u0131klar\u0131 s\u0131k\u0131 antrenman ve disiplinli \u00e7al\u0131\u015fmaya ba\u011fl\u0131 oldu\u011funu belirttiler.<\/p>\n<p>Marmaris\u2019e birincilik madalyas\u0131 getiren \u00f6\u011frencilerden 12 ya\u015f\u0131ndaki Esmey Elif Yumruk\u00e7u &#8220;2 y\u0131ld\u0131r bu sporu yap\u0131yorum. Bu ma\u00e7ta 2 rakibimi yenerek birincilik kazand\u0131m. Hedefim T\u00fcrkiye \u015eampiyonas\u0131\u2019na gitmek ve ard\u0131ndan D\u00fcnya \u015eampiyonas\u0131\u2019nda yar\u0131\u015fmak&#8221; dedi.<\/p>\n<p>9 ya\u015f\u0131ndaki Zeynep G\u00fcl ise &#8220;Bu ma\u00e7ta sadece bir rakiple d\u00f6v\u00fc\u015ft\u00fcm ve onu yendim&#8221; diyerek hedefinin d\u00fcnya \u015fampiyonlu\u011fu oldu\u011funu belirtti.<\/p>\n<p>9 ya\u015f\u0131ndaki birinci Murat Kaya &#8220;Hedefim, d\u00fcnya \u015fampiyonu olmak ve b\u00fcy\u00fck organizasyonlarda yer almak. Haftada \u00fc\u00e7 g\u00fcn antrenmanlara geliyorum ve d\u00fczenli olarak \u00e7al\u0131\u015f\u0131yorum&#8221; diye konu\u015ftu.<\/p>\n<p>17 ya\u015f\u0131ndaki Karahan \u00c7ink\u0131l\u0131\u00e7 \u2018Hedefim d\u00fcnya \u015fampiyonas\u0131na kadar ilerlemek ve tabii ki milli tak\u0131ma girmek \u2018 dedi.<\/p>\n<p>8 ya\u015f\u0131ndan bu yana Kickboks sporu yapt\u0131\u011f\u0131n\u0131 ifade eden 11 ya\u015f\u0131ndaki Cemre Jane Tekin \u2018 \u00c7ok \u00e7al\u0131\u015f\u0131yorum hedeflerim aras\u0131nda T\u00fcrkiye ve D\u00fcnya \u015fampiyonlu\u011fu var\u2019 derken, 11 ya\u015f\u0131ndaki Tunca \u00dcnal\u2019da bu sporun hem kilo vermesinde etkili oldu\u011funu ifade ederek Kick boks sporunun d\u00fczenli olarak yap\u0131lmas\u0131n\u0131n hem sa\u011fl\u0131k hem de bedensel a\u00e7\u0131dan ne kadar faydal\u0131 oldu\u011funu vurgulad\u0131.<\/p>\n<p>Daha \u00f6nce T\u00fcrkiye, Avrupa birincili\u011fi ve D\u00fcnya ikincili\u011fi \u00f6d\u00fcllerinin sahibi olan Hira Ercan b\u00f6lge turnuvas\u0131 ile ilgili \u2018Rakibimin \u00e7\u0131kmad\u0131\u011f\u0131 ma\u00e7ta do\u011frudan birinci oldum, \u00e7\u00fcnk\u00fc genelde rakipler korktuklar\u0131 i\u00e7in \u00e7\u0131km\u0131yorlar. Ge\u00e7en y\u0131l d\u00fcnya ikincisi olmu\u015ftum, bu y\u0131l ise hedefim d\u00fcnya birincili\u011fi. Kul\u00fcb\u00fcm\u00fc \u00e7ok seviyorum, herkes \u00e7ok ba\u015far\u0131l\u0131. T\u00fcm tak\u0131m arkada\u015flar\u0131m\u0131 tebrik ediyorum. Kick boksun insan\u0131n hayat\u0131nda bir\u00e7ok \u015feyi de\u011fi\u015ftirdi\u011fini d\u00fc\u015f\u00fcn\u00fcyorum. \u00d6zellikle \u00f6zg\u00fcven kazand\u0131r\u0131yor, insan\u0131n kendini korumas\u0131n\u0131 \u00f6\u011fretiyor\u2019 \u015feklinde konu\u015furken kendisi gibi \u015fampiyon karde\u015fi Alya Ercan \u2018Asl\u0131nda \u00e7ok \u00e7al\u0131\u015f\u0131yoruz, neredeyse her g\u00fcn buraday\u0131z. S\u00fcrekli antrenman yap\u0131yoruz ve bu tempoya al\u0131\u015ft\u0131\u011f\u0131m\u0131z i\u00e7in kendimizi \u00e7ok mutlu hissediyoruz. \u015eimdi hedefimiz, D\u00fcnya \u015eampiyonas\u0131\u2019nda yeniden ba\u015far\u0131 elde etmek. Ge\u00e7en y\u0131l d\u00fcnya ikincisi olmu\u015ftum, 2023\u2019te ise Avrupa \u015eampiyonu olmu\u015ftum. \u0130n\u015fallah 2026\u2019da d\u00fcnya \u015fampiyonlu\u011funu kazanaca\u011f\u0131m\u2019 dedi.<\/p>\n<p>\u2018\u00d6zg\u00fcven ve disiplin ba\u015far\u0131y\u0131 getiriyor\u2019<br \/>\n<br \/>Milli antren\u00f6r ve Avrupa Kickboks \u015eampiyonas\u0131 derecelerine sahip Terkan Ercan, \u00f6\u011frencileriyle gurur duydu\u011funu belirterek, &#8220;Ba\u015far\u0131n\u0131n s\u0131rr\u0131 disiplinli \u00e7al\u0131\u015fmaktan ge\u00e7iyor. \u00c7ocuklara \u00f6zg\u00fcveni a\u015f\u0131l\u0131yoruz. D\u00fczenli antrenmanlarla sa\u011flam haz\u0131rlan\u0131yor ve kar\u015f\u0131l\u0131\u011f\u0131nda madalya ve kupalarla d\u00f6n\u00fcyoruz. Cumhuriyet Kupas\u0131\u2019n\u0131 Marmaris\u2019e kazand\u0131rd\u0131k, bu bizim i\u00e7in b\u00fcy\u00fck bir gurur&#8221; dedi.<\/p>\n<p>Ercan, &#8220;2026\u2019da D\u00fcnya Kupas\u0131 ve Avrupa \u015eampiyonas\u0131 gibi b\u00fcy\u00fck organizasyonlar bizi bekliyor. Bu turnuvalara giden yol ad\u0131m ad\u0131m ilerliyor. \u00d6nce b\u00f6lge, ard\u0131ndan T\u00fcrkiye \u015eampiyonas\u0131 ve milli tak\u0131m se\u00e7meleri var. Milli tak\u0131ma giren sporcular \u00fclkemizi Avrupa ve D\u00fcnya \u015eampiyonas\u0131\u2019nda temsil ediyor&#8221; diye konu\u015ftu.<\/p>\n<p>Kick boksa 5 ya\u015f\u0131ndan itibaren ba\u015flanabilece\u011fini vurgulayan Ercan, &#8220;\u0130lk dersten itibaren potansiyel g\u00f6steren \u00e7ocuklar, istikrarl\u0131 \u00e7al\u0131\u015ft\u0131\u011f\u0131nda mutlaka ba\u015far\u0131ya ula\u015f\u0131yor. Biz de t\u00fcm bilgi ve tecr\u00fcbemizi aktararak onlar\u0131 en iyi \u015fekilde yeti\u015ftiriyoruz&#8221; diyerek ba\u015far\u0131 madalya ve kupalar\u0131n\u0131 Marmaris\u2019e ve T\u00fcrkiye\u2019ye getirmeye devam edeceklerini ifade etti.<br \/><\/p>\n","protected":false},"excerpt":{"rendered":"<p>Mu\u011fla\u2019n\u0131n Marmaris il\u00e7esinde kat\u0131ld\u0131klar\u0131 her m\u00fcsabakada madalya ve kupa ile d\u00f6nen Kickboks sporcular\u0131 en son kat\u0131ld\u0131klar\u0131 Cumhuriyet kupas\u0131nda da 11 madalya ve bir kupa ile il\u00e7eye gurur ya\u015fatt\u0131. T\u00fcrkiye Kickboks Federasyonu Mu\u011fla il temsilcili\u011fi taraf\u0131ndan Mu\u011fla\u2019da d\u00fczenlenen turnuvada 11 birincilik madalyas\u0131 kazanan 9 ile 17 ya\u015flar\u0131ndaki \u00f6\u011frenciler hedeflerinin d\u00fcnya \u015fampiyonlu\u011fu oldu\u011funu ifade ettiler. Marmaris Terkan&#8230;<\/p>\n","protected":false},"author":1,"featured_media":64336,"comment_status":"open","ping_status":"open","sticky":false,"template":"","format":"standard","meta":{"_crdt_document":"","footnotes":""},"categories":[4],"tags":[],"class_list":["post-64335","post","type-post","status-publish","format-standard","has-post-thumbnail","hentry","category-spor"],"_links":{"self":[{"href":"https:\/\/www.egemtv.com\/index.php?rest_route=\/wp\/v2\/posts\/64335","targetHints":{"allow":["GET"]}}],"collection":[{"href":"https:\/\/www.egemtv.com\/index.php?rest_route=\/wp\/v2\/posts"}],"about":[{"href":"https:\/\/www.egemtv.com\/index.php?rest_route=\/wp\/v2\/types\/post"}],"author":[{"embeddable":true,"href":"https:\/\/www.egemtv.com\/index.php?rest_route=\/wp\/v2\/users\/1"}],"replies":[{"embeddable":true,"href":"https:\/\/www.egemtv.com\/index.php?rest_route=%2Fwp%2Fv2%2Fcomments&post=64335"}],"version-history":[{"count":1,"href":"https:\/\/www.egemtv.com\/index.php?rest_route=\/wp\/v2\/posts\/64335\/revisions"}],"predecessor-version":[{"id":64337,"href":"https:\/\/www.egemtv.com\/index.php?rest_route=\/wp\/v2\/posts\/64335\/revisions\/64337"}],"wp:featuredmedia":[{"embeddable":true,"href":"https:\/\/www.egemtv.com\/index.php?rest_route=\/wp\/v2\/media\/64336"}],"wp:attachment":[{"href":"https:\/\/www.egemtv.com\/index.php?rest_route=%2Fwp%2Fv2%2Fmedia&parent=64335"}],"wp:term":[{"taxonomy":"category","embeddable":true,"href":"https:\/\/www.egemtv.com\/index.php?rest_route=%2Fwp%2Fv2%2Fcategories&post=64335"},{"taxonomy":"post_tag","embeddable":true,"href":"https:\/\/www.egemtv.com\/index.php?rest_route=%2Fwp%2Fv2%2Ftags&post=64335"}],"curies":[{"name":"wp","href":"https:\/\/api.w.org\/{rel}","templated":true}]}}