{"id":64332,"date":"2025-10-28T13:15:46","date_gmt":"2025-10-28T10:15:46","guid":{"rendered":"https:\/\/www.egemtv.com\/?p=64332"},"modified":"2025-10-28T13:16:02","modified_gmt":"2025-10-28T10:16:02","slug":"baskan-erol-cumhuriyet-bizlere-birakilmis-en-degerli-mirastir","status":"publish","type":"post","link":"https:\/\/www.egemtv.com\/?p=64332","title":{"rendered":"Ba\u015fkan Erol: &#8220;Cumhuriyet, bizlere b\u0131rak\u0131lm\u0131\u015f en de\u011ferli mirast\u0131r&#8221;"},"content":{"rendered":"<p>Cumhuriyetin 102. y\u0131l\u0131n\u0131 kutlayan Buharkent Belediye Ba\u015fkan\u0131 Mehmet Erol; &#8220;Cumhuriyet, T\u00fcrk milletinin birlik ve direni\u015f ruhunun simgesi, bizlere b\u0131rak\u0131lm\u0131\u015f en de\u011ferli mirast\u0131r&#8221; dedi.<\/p>\n<p>Buharkent Belediye Ba\u015fkan\u0131 Mehmet Erol, 29 Ekim Cumhuriyet Bayram\u0131 dolay\u0131s\u0131yla bir kutlama mesaj\u0131 yay\u0131nlad\u0131. Cumhuriyetin, T\u00fcrk milletine b\u0131rak\u0131lan en de\u011ferli miras oldu\u011funun alt\u0131n\u0131 \u00e7izen Ba\u015fkan Erol, mesaj\u0131nda &#8220;Cumhuriyet, milletimizin ba\u011f\u0131ms\u0131zl\u0131k m\u00fccadelesindeki azmi, kararl\u0131l\u0131\u011f\u0131 ve kahramanl\u0131\u011f\u0131n\u0131n en b\u00fcy\u00fck eseridir. Kurucumuz Gazi Mustafa Kemal Atat\u00fcrk \u00f6nderli\u011finde ilan edilen Cumhuriyet, T\u00fcrk milletinin birlik ve direni\u015f ruhunun simgesi, bizlere b\u0131rak\u0131lm\u0131\u015f en de\u011ferli mirast\u0131r. Gazi Mustafa Kemal Atat\u00fcrk\u2019\u00fcn g\u00f6sterdi\u011fi gibi \u2018muas\u0131r medeniyetler seviyesine ula\u015fma\u2019 hedefimiz do\u011frultusunda, \u00fclkemizde oldu\u011fu gibi il\u00e7emizde de yat\u0131r\u0131mlar\u0131m\u0131z\u0131 kararl\u0131l\u0131kla s\u00fcrd\u00fcr\u00fcyoruz. Buharkent\u2019te altyap\u0131dan e\u011fitime, spordan k\u00fclt\u00fcre, ya\u015fam alanlar\u0131ndan sosyal projelere kadar y\u00fcr\u00fctt\u00fc\u011f\u00fcm\u00fcz hizmetler, hem\u015fehrilerimizin hayat\u0131n\u0131 kolayla\u015ft\u0131rmak ve il\u00e7emizi daha modern ve ya\u015fanabilir bir kent h\u00e2line getirmek i\u00e7in at\u0131lan somut ad\u0131mlard\u0131r. Cumhuriyetimizi korumak ve g\u00fc\u00e7lendirmek, milletimize hizmet etmek en b\u00fcy\u00fck sorumlulu\u011fumuzdur. Her ad\u0131m\u0131m\u0131zda Buharkent\u2019in kalk\u0131nmas\u0131n\u0131, vatanda\u015flar\u0131m\u0131z\u0131n refah\u0131n\u0131 ve il\u00e7emizin gelece\u011fini \u00f6nceli\u011fimiz olarak g\u00f6r\u00fcyoruz. Bu anlaml\u0131 g\u00fcnde, ba\u015fta Gazi Mustafa Kemal Atat\u00fcrk olmak \u00fczere, Cumhuriyetimizin kurulmas\u0131nda eme\u011fi ge\u00e7en t\u00fcm kahramanlar\u0131m\u0131z\u0131 rahmet ve minnetle an\u0131yor, vatan\u0131 i\u00e7in can\u0131n\u0131 feda eden \u015fehitlerimize Allah\u2019tan rahmet diliyor, milletimizin ve Buharkentli hem\u015fehrilerimin 29 Ekim Cumhuriyet Bayram\u0131\u2019n\u0131 en i\u00e7ten duygular\u0131mla kutluyorum&#8221; ifadelerine yer verdi.<br \/><\/p>\n","protected":false},"excerpt":{"rendered":"<p>Cumhuriyetin 102. y\u0131l\u0131n\u0131 kutlayan Buharkent Belediye Ba\u015fkan\u0131 Mehmet Erol; &#8220;Cumhuriyet, T\u00fcrk milletinin birlik ve direni\u015f ruhunun simgesi, bizlere b\u0131rak\u0131lm\u0131\u015f en de\u011ferli mirast\u0131r&#8221; dedi. Buharkent Belediye Ba\u015fkan\u0131 Mehmet Erol, 29 Ekim Cumhuriyet Bayram\u0131 dolay\u0131s\u0131yla bir kutlama mesaj\u0131 yay\u0131nlad\u0131. Cumhuriyetin, T\u00fcrk milletine b\u0131rak\u0131lan en de\u011ferli miras oldu\u011funun alt\u0131n\u0131 \u00e7izen Ba\u015fkan Erol, mesaj\u0131nda &#8220;Cumhuriyet, milletimizin ba\u011f\u0131ms\u0131zl\u0131k m\u00fccadelesindeki azmi,&#8230;<\/p>\n","protected":false},"author":1,"featured_media":64333,"comment_status":"open","ping_status":"open","sticky":false,"template":"","format":"standard","meta":{"_crdt_document":"","footnotes":""},"categories":[1],"tags":[],"class_list":["post-64332","post","type-post","status-publish","format-standard","has-post-thumbnail","hentry","category-guncel"],"_links":{"self":[{"href":"https:\/\/www.egemtv.com\/index.php?rest_route=\/wp\/v2\/posts\/64332","targetHints":{"allow":["GET"]}}],"collection":[{"href":"https:\/\/www.egemtv.com\/index.php?rest_route=\/wp\/v2\/posts"}],"about":[{"href":"https:\/\/www.egemtv.com\/index.php?rest_route=\/wp\/v2\/types\/post"}],"author":[{"embeddable":true,"href":"https:\/\/www.egemtv.com\/index.php?rest_route=\/wp\/v2\/users\/1"}],"replies":[{"embeddable":true,"href":"https:\/\/www.egemtv.com\/index.php?rest_route=%2Fwp%2Fv2%2Fcomments&post=64332"}],"version-history":[{"count":1,"href":"https:\/\/www.egemtv.com\/index.php?rest_route=\/wp\/v2\/posts\/64332\/revisions"}],"predecessor-version":[{"id":64334,"href":"https:\/\/www.egemtv.com\/index.php?rest_route=\/wp\/v2\/posts\/64332\/revisions\/64334"}],"wp:featuredmedia":[{"embeddable":true,"href":"https:\/\/www.egemtv.com\/index.php?rest_route=\/wp\/v2\/media\/64333"}],"wp:attachment":[{"href":"https:\/\/www.egemtv.com\/index.php?rest_route=%2Fwp%2Fv2%2Fmedia&parent=64332"}],"wp:term":[{"taxonomy":"category","embeddable":true,"href":"https:\/\/www.egemtv.com\/index.php?rest_route=%2Fwp%2Fv2%2Fcategories&post=64332"},{"taxonomy":"post_tag","embeddable":true,"href":"https:\/\/www.egemtv.com\/index.php?rest_route=%2Fwp%2Fv2%2Ftags&post=64332"}],"curies":[{"name":"wp","href":"https:\/\/api.w.org\/{rel}","templated":true}]}}