{"id":64329,"date":"2025-10-28T13:15:17","date_gmt":"2025-10-28T10:15:17","guid":{"rendered":"https:\/\/www.egemtv.com\/?p=64329"},"modified":"2025-10-28T13:15:28","modified_gmt":"2025-10-28T10:15:28","slug":"merkezefendi-belediyesinin-31-mama-makinesi-eskisehire-teslim-edildi","status":"publish","type":"post","link":"https:\/\/www.egemtv.com\/?p=64329","title":{"rendered":"Merkezefendi Belediyesinin 31. mama makinesi Eski\u015fehir\u2019e teslim edildi"},"content":{"rendered":"<p>Merkezefendi Belediyesinin Ar-Ge ve \u0130novasyon Merkezi\u2019nde \u00fcretilen mama makineleri, yeni dura\u011f\u0131 olan Eski\u015fehir B\u00fcy\u00fck\u015fehir Belediyesine ula\u015ft\u0131. T\u00fcrkiye\u2019nin d\u00f6rt bir yan\u0131nda kullan\u0131lmaya devam eden makinelerin say\u0131s\u0131 31\u2019e y\u00fckseldi.<\/p>\n<p>\u0130l\u00e7edeki \u00e7al\u0131\u015fmalar\u0131n\u0131 h\u0131z kesmeden s\u00fcrd\u00fcren Merkezefendi Belediyesi, \u00fcretim alan\u0131ndaki projeleriyle T\u00fcrkiye\u2019ye \u00f6rnek olmaya devam ediyor. Merkezefendi Belediyesi\u2019nin Ar-Ge ve \u0130novasyon Merkezi\u2019nde \u00fcretilen mama makineleri, bug\u00fcne kadar Eski\u015fehir B\u00fcy\u00fck\u015fehir Belediyesi ile beraber T\u00fcrkiye genelinde 31 belediyeye ula\u015ft\u0131r\u0131ld\u0131. Her biri \u00f6zenle haz\u0131rlanan sistemler, hem do\u011faya hem de sokak hayvanlar\u0131n\u0131n ya\u015fam\u0131na katk\u0131 sunuyor. Ar-Ge ve \u0130novasyon Merkezi\u2019nde tamamen yerli imk\u00e2nlarla geli\u015ftirilen mama makineleri, geri d\u00f6n\u00fc\u015f\u00fcmden elde edilen at\u0131klar\u0131 de\u011ferlendiren yap\u0131s\u0131yla s\u00fcrd\u00fcr\u00fclebilir belediyecili\u011fin g\u00fc\u00e7l\u00fc bir \u00f6rne\u011fini olu\u015fturuyor.<\/p>\n<p>Hem do\u011faya hem de sokak hayvanlar\u0131n\u0131n ya\u015fam\u0131na katk\u0131 sunan projeleriyle dikkat \u00e7ektiklerini belirten Ba\u015fkan Do\u011fan, &#8220;Kendi imk\u00e2nlar\u0131m\u0131zla hem belediyemize ekonomik katk\u0131 sa\u011fl\u0131yor hem de can dostlar\u0131m\u0131z i\u00e7in de\u011fer \u00fcretiyoruz. \u00dcretti\u011fimiz mama makinelerimizin 31\u2019inci dura\u011f\u0131 olan Eski\u015fehir B\u00fcy\u00fck\u015fehir Belediyesi\u2019ne teslimat\u0131n\u0131 ger\u00e7ekle\u015ftirdik. Her bir mama makinemiz, \u00e7evreye duyarl\u0131l\u0131\u011f\u0131n ve sosyal sorumlulu\u011fun somut bir g\u00f6stergesidir. \u00dcreten, yenilik\u00e7i ve her alanda s\u00fcrd\u00fcr\u00fclebilirli\u011fi hedefleyen bir belediye olarak \u00e7al\u0131\u015fmalar\u0131m\u0131z\u0131 kararl\u0131l\u0131kla s\u00fcrd\u00fcrece\u011fiz&#8221; ifadelerini kulland\u0131.<br \/><\/p>\n","protected":false},"excerpt":{"rendered":"<p>Merkezefendi Belediyesinin Ar-Ge ve \u0130novasyon Merkezi\u2019nde \u00fcretilen mama makineleri, yeni dura\u011f\u0131 olan Eski\u015fehir B\u00fcy\u00fck\u015fehir Belediyesine ula\u015ft\u0131. T\u00fcrkiye\u2019nin d\u00f6rt bir yan\u0131nda kullan\u0131lmaya devam eden makinelerin say\u0131s\u0131 31\u2019e y\u00fckseldi. \u0130l\u00e7edeki \u00e7al\u0131\u015fmalar\u0131n\u0131 h\u0131z kesmeden s\u00fcrd\u00fcren Merkezefendi Belediyesi, \u00fcretim alan\u0131ndaki projeleriyle T\u00fcrkiye\u2019ye \u00f6rnek olmaya devam ediyor. Merkezefendi Belediyesi\u2019nin Ar-Ge ve \u0130novasyon Merkezi\u2019nde \u00fcretilen mama makineleri, bug\u00fcne kadar Eski\u015fehir B\u00fcy\u00fck\u015fehir&#8230;<\/p>\n","protected":false},"author":1,"featured_media":64330,"comment_status":"open","ping_status":"open","sticky":false,"template":"","format":"standard","meta":{"_crdt_document":"","footnotes":""},"categories":[1],"tags":[],"class_list":["post-64329","post","type-post","status-publish","format-standard","has-post-thumbnail","hentry","category-guncel"],"_links":{"self":[{"href":"https:\/\/www.egemtv.com\/index.php?rest_route=\/wp\/v2\/posts\/64329","targetHints":{"allow":["GET"]}}],"collection":[{"href":"https:\/\/www.egemtv.com\/index.php?rest_route=\/wp\/v2\/posts"}],"about":[{"href":"https:\/\/www.egemtv.com\/index.php?rest_route=\/wp\/v2\/types\/post"}],"author":[{"embeddable":true,"href":"https:\/\/www.egemtv.com\/index.php?rest_route=\/wp\/v2\/users\/1"}],"replies":[{"embeddable":true,"href":"https:\/\/www.egemtv.com\/index.php?rest_route=%2Fwp%2Fv2%2Fcomments&post=64329"}],"version-history":[{"count":1,"href":"https:\/\/www.egemtv.com\/index.php?rest_route=\/wp\/v2\/posts\/64329\/revisions"}],"predecessor-version":[{"id":64331,"href":"https:\/\/www.egemtv.com\/index.php?rest_route=\/wp\/v2\/posts\/64329\/revisions\/64331"}],"wp:featuredmedia":[{"embeddable":true,"href":"https:\/\/www.egemtv.com\/index.php?rest_route=\/wp\/v2\/media\/64330"}],"wp:attachment":[{"href":"https:\/\/www.egemtv.com\/index.php?rest_route=%2Fwp%2Fv2%2Fmedia&parent=64329"}],"wp:term":[{"taxonomy":"category","embeddable":true,"href":"https:\/\/www.egemtv.com\/index.php?rest_route=%2Fwp%2Fv2%2Fcategories&post=64329"},{"taxonomy":"post_tag","embeddable":true,"href":"https:\/\/www.egemtv.com\/index.php?rest_route=%2Fwp%2Fv2%2Ftags&post=64329"}],"curies":[{"name":"wp","href":"https:\/\/api.w.org\/{rel}","templated":true}]}}