{"id":64326,"date":"2025-10-28T13:15:08","date_gmt":"2025-10-28T10:15:08","guid":{"rendered":"https:\/\/www.egemtv.com\/?p=64326"},"modified":"2025-10-28T13:15:14","modified_gmt":"2025-10-28T10:15:14","slug":"fethiyede-supheli-cantadan-silah-cikti","status":"publish","type":"post","link":"https:\/\/www.egemtv.com\/?p=64326","title":{"rendered":"Fethiye\u2019de \u015f\u00fcpheli \u00e7antadan silah \u00e7\u0131kt\u0131"},"content":{"rendered":"<p>Fethiye\u2019de bir i\u015f yeri \u00f6n\u00fcne b\u0131rak\u0131lan \u015f\u00fcpheli \u00e7anta, polis ekiplerini harekete ge\u00e7irdi.<br \/>\n<br \/>Edinilen bilgiye g\u00f6re, bir i\u015fyeri \u00f6n\u00fcne b\u0131rak\u0131lan \u00e7anta i\u00e7erisinde 5 adet av t\u00fcfe\u011fi, 2 adet kuru s\u0131k\u0131 tabanca, 1 adet tabanca, 10 adet kesici alet, 1 adet \u00e7eki\u00e7, tabancalara ait 12 adet fi\u015fek ve 28 adet av t\u00fcfe\u011fi kartu\u015fu ele ge\u00e7irildi.<br \/>\n<br \/>Yap\u0131lan \u00e7al\u0131\u015fmalar sonucunda olayla ilgili \u015f\u00fcpheli \u015fah\u0131slar k\u0131sa s\u00fcrede tespit edilerek haklar\u0131nda gerekli adli i\u015flemler ba\u015flat\u0131ld\u0131.<\/p>\n","protected":false},"excerpt":{"rendered":"<p>Fethiye\u2019de bir i\u015f yeri \u00f6n\u00fcne b\u0131rak\u0131lan \u015f\u00fcpheli \u00e7anta, polis ekiplerini harekete ge\u00e7irdi. Edinilen bilgiye g\u00f6re, bir i\u015fyeri \u00f6n\u00fcne b\u0131rak\u0131lan \u00e7anta i\u00e7erisinde 5 adet av t\u00fcfe\u011fi, 2 adet kuru s\u0131k\u0131 tabanca, 1 adet tabanca, 10 adet kesici alet, 1 adet \u00e7eki\u00e7, tabancalara ait 12 adet fi\u015fek ve 28 adet av t\u00fcfe\u011fi kartu\u015fu ele ge\u00e7irildi. Yap\u0131lan \u00e7al\u0131\u015fmalar&#8230;<\/p>\n","protected":false},"author":1,"featured_media":64327,"comment_status":"open","ping_status":"open","sticky":false,"template":"","format":"standard","meta":{"_crdt_document":"","footnotes":""},"categories":[5],"tags":[],"class_list":["post-64326","post","type-post","status-publish","format-standard","has-post-thumbnail","hentry","category-asayis"],"_links":{"self":[{"href":"https:\/\/www.egemtv.com\/index.php?rest_route=\/wp\/v2\/posts\/64326","targetHints":{"allow":["GET"]}}],"collection":[{"href":"https:\/\/www.egemtv.com\/index.php?rest_route=\/wp\/v2\/posts"}],"about":[{"href":"https:\/\/www.egemtv.com\/index.php?rest_route=\/wp\/v2\/types\/post"}],"author":[{"embeddable":true,"href":"https:\/\/www.egemtv.com\/index.php?rest_route=\/wp\/v2\/users\/1"}],"replies":[{"embeddable":true,"href":"https:\/\/www.egemtv.com\/index.php?rest_route=%2Fwp%2Fv2%2Fcomments&post=64326"}],"version-history":[{"count":1,"href":"https:\/\/www.egemtv.com\/index.php?rest_route=\/wp\/v2\/posts\/64326\/revisions"}],"predecessor-version":[{"id":64328,"href":"https:\/\/www.egemtv.com\/index.php?rest_route=\/wp\/v2\/posts\/64326\/revisions\/64328"}],"wp:featuredmedia":[{"embeddable":true,"href":"https:\/\/www.egemtv.com\/index.php?rest_route=\/wp\/v2\/media\/64327"}],"wp:attachment":[{"href":"https:\/\/www.egemtv.com\/index.php?rest_route=%2Fwp%2Fv2%2Fmedia&parent=64326"}],"wp:term":[{"taxonomy":"category","embeddable":true,"href":"https:\/\/www.egemtv.com\/index.php?rest_route=%2Fwp%2Fv2%2Fcategories&post=64326"},{"taxonomy":"post_tag","embeddable":true,"href":"https:\/\/www.egemtv.com\/index.php?rest_route=%2Fwp%2Fv2%2Ftags&post=64326"}],"curies":[{"name":"wp","href":"https:\/\/api.w.org\/{rel}","templated":true}]}}