{"id":64323,"date":"2025-10-28T13:15:00","date_gmt":"2025-10-28T10:15:00","guid":{"rendered":"https:\/\/www.egemtv.com\/?p=64323"},"modified":"2025-10-28T13:15:03","modified_gmt":"2025-10-28T10:15:03","slug":"denizli-egekent-hastanesi-pembe-yuruyusle-meme-kanserine-dikkat-cekti","status":"publish","type":"post","link":"https:\/\/www.egemtv.com\/?p=64323","title":{"rendered":"Denizli Egekent Hastanesi pembe y\u00fcr\u00fcy\u00fc\u015fle meme kanserine dikkat \u00e7ekti"},"content":{"rendered":"<p>Denizli \u00d6zel Egekent Hastanesi, &#8220;Meme Kanseri Fark\u0131ndal\u0131k Ay\u0131&#8221; kapsam\u0131nda pembe y\u00fcr\u00fcy\u00fc\u015f d\u00fczenledi. Yo\u011fun kat\u0131l\u0131mla ger\u00e7ekle\u015fen etkinlikte pembe balonlar\u0131 g\u00f6ky\u00fcz\u00fcne b\u0131rakan Egekent Ailesi erken te\u015fhisin \u00f6nemine dikkat \u00e7ekti.<\/p>\n<p>Denizli \u00d6zel Egekent Hastanesi, 1-31 Ekim &#8220;Meme Kanseri Fark\u0131ndal\u0131k Ay\u0131&#8221; etkinlikleri kapsam\u0131nda fark\u0131ndal\u0131k olu\u015fturmak amac\u0131yla pembe y\u00fcr\u00fcy\u00fc\u015f ger\u00e7ekle\u015ftirdi. Hastane \u00f6n\u00fcnde ba\u015flayan y\u00fcr\u00fcy\u00fc\u015f, Denizli\u2019nin en \u00f6nemli ticaret merkezi Bayramyeri Meydan\u0131\u2019nda son buldu. &#8220;Meme Kanseri Fark\u0131ndal\u0131\u011f\u0131 \u0130\u00e7in Y\u00fcr\u00fcyoruz&#8221; \u00e7a\u011fr\u0131s\u0131yla d\u00fczenlenen &#8220;Pembe Y\u00fcr\u00fcy\u00fc\u015f&#8221; etkinli\u011fine vatanda\u015flar da yo\u011fun ilgi g\u00f6sterdi. Kat\u0131l\u0131mc\u0131lar, y\u00fcr\u00fcy\u00fc\u015f\u00fcn sonunda ellerindeki pembe balonlar\u0131 g\u00f6ky\u00fcz\u00fcne b\u0131rakarak hem fark\u0131ndal\u0131k mesaj\u0131 verdi hem de hastal\u0131kla m\u00fccadelede erken te\u015fhisin \u00f6nemine dikkat \u00e7ekti.<\/p>\n<p>Etkinlikte konu\u015fan Egekent Hastanesi Anesteziyoloji ve Reanimasyon Uzman\u0131 Dr. G\u00f6khan Peker, meme kanserinde erken te\u015fhisin \u00f6nemine dikkat \u00e7ekti. Uzm. Dr. Peker, &#8220;Ekim ay\u0131, t\u00fcm d\u00fcnyada \u2018Meme Kanseri Fark\u0131ndal\u0131k Ay\u0131\u2019 olarak an\u0131l\u0131yor. Biz de bu kapsamda erken te\u015fhisin \u00f6nemini vurgulamak amac\u0131yla b\u00f6yle bir etkinlik d\u00fczenledik. 20-40 ya\u015f aral\u0131\u011f\u0131ndaki kad\u0131nlar kendi kendine meme muayenesi yapabilir. Herhangi bir kitle fark edilirse vakit kaybetmeden sa\u011fl\u0131k kurulu\u015funa ba\u015fvurulmal\u0131. \u00d6zellikle ailede meme kanseri \u00f6yk\u00fcs\u00fc varsa taramalar\u0131n daha erken ba\u015flamas\u0131 gerekiyor&#8221; dedi.<\/p>\n<p>Op. Dr. Habibe Radiye ve Op. Dr. Mustafa Tekin de etkinli\u011fe g\u00f6sterilen yo\u011fun kat\u0131l\u0131mdan dolay\u0131 t\u00fcm kat\u0131l\u0131mc\u0131lara te\u015fekk\u00fcr etti.<br \/><\/p>\n","protected":false},"excerpt":{"rendered":"<p>Denizli \u00d6zel Egekent Hastanesi, &#8220;Meme Kanseri Fark\u0131ndal\u0131k Ay\u0131&#8221; kapsam\u0131nda pembe y\u00fcr\u00fcy\u00fc\u015f d\u00fczenledi. Yo\u011fun kat\u0131l\u0131mla ger\u00e7ekle\u015fen etkinlikte pembe balonlar\u0131 g\u00f6ky\u00fcz\u00fcne b\u0131rakan Egekent Ailesi erken te\u015fhisin \u00f6nemine dikkat \u00e7ekti. Denizli \u00d6zel Egekent Hastanesi, 1-31 Ekim &#8220;Meme Kanseri Fark\u0131ndal\u0131k Ay\u0131&#8221; etkinlikleri kapsam\u0131nda fark\u0131ndal\u0131k olu\u015fturmak amac\u0131yla pembe y\u00fcr\u00fcy\u00fc\u015f ger\u00e7ekle\u015ftirdi. Hastane \u00f6n\u00fcnde ba\u015flayan y\u00fcr\u00fcy\u00fc\u015f, Denizli\u2019nin en \u00f6nemli ticaret merkezi Bayramyeri&#8230;<\/p>\n","protected":false},"author":1,"featured_media":64324,"comment_status":"open","ping_status":"open","sticky":false,"template":"","format":"standard","meta":{"_crdt_document":"","footnotes":""},"categories":[2],"tags":[],"class_list":["post-64323","post","type-post","status-publish","format-standard","has-post-thumbnail","hentry","category-saglik"],"_links":{"self":[{"href":"https:\/\/www.egemtv.com\/index.php?rest_route=\/wp\/v2\/posts\/64323","targetHints":{"allow":["GET"]}}],"collection":[{"href":"https:\/\/www.egemtv.com\/index.php?rest_route=\/wp\/v2\/posts"}],"about":[{"href":"https:\/\/www.egemtv.com\/index.php?rest_route=\/wp\/v2\/types\/post"}],"author":[{"embeddable":true,"href":"https:\/\/www.egemtv.com\/index.php?rest_route=\/wp\/v2\/users\/1"}],"replies":[{"embeddable":true,"href":"https:\/\/www.egemtv.com\/index.php?rest_route=%2Fwp%2Fv2%2Fcomments&post=64323"}],"version-history":[{"count":1,"href":"https:\/\/www.egemtv.com\/index.php?rest_route=\/wp\/v2\/posts\/64323\/revisions"}],"predecessor-version":[{"id":64325,"href":"https:\/\/www.egemtv.com\/index.php?rest_route=\/wp\/v2\/posts\/64323\/revisions\/64325"}],"wp:featuredmedia":[{"embeddable":true,"href":"https:\/\/www.egemtv.com\/index.php?rest_route=\/wp\/v2\/media\/64324"}],"wp:attachment":[{"href":"https:\/\/www.egemtv.com\/index.php?rest_route=%2Fwp%2Fv2%2Fmedia&parent=64323"}],"wp:term":[{"taxonomy":"category","embeddable":true,"href":"https:\/\/www.egemtv.com\/index.php?rest_route=%2Fwp%2Fv2%2Fcategories&post=64323"},{"taxonomy":"post_tag","embeddable":true,"href":"https:\/\/www.egemtv.com\/index.php?rest_route=%2Fwp%2Fv2%2Ftags&post=64323"}],"curies":[{"name":"wp","href":"https:\/\/api.w.org\/{rel}","templated":true}]}}