{"id":64320,"date":"2025-10-28T12:55:46","date_gmt":"2025-10-28T09:55:46","guid":{"rendered":"https:\/\/www.egemtv.com\/?p=64320"},"modified":"2025-10-28T12:55:48","modified_gmt":"2025-10-28T09:55:48","slug":"baskan-koksal-arastan-29-ekim-mesaji","status":"publish","type":"post","link":"https:\/\/www.egemtv.com\/?p=64320","title":{"rendered":"Ba\u015fkan K\u00f6ksal Aras\u2019tan 29 Ekim mesaj\u0131"},"content":{"rendered":"<p>Mente\u015fe Belediye Ba\u015fkan\u0131 Gonca K\u00f6ksal Aras, Cumhuriyet\u2019in ilan\u0131n\u0131n 102. y\u0131l d\u00f6n\u00fcm\u00fc dolay\u0131s\u0131yla yay\u0131mlad\u0131\u011f\u0131 kutlama mesaj\u0131nda, Cumhuriyetin demokrasi, e\u015fit yurtta\u015fl\u0131k ve ba\u011f\u0131ms\u0131zl\u0131k temelinde y\u00fckselen b\u00fcy\u00fck bir halk iradesi oldu\u011funu vurgulad\u0131.<br \/>\n<br \/>Ba\u015fkan K\u00f6ksal Aras, &#8220;Cumhuriyet; halk\u0131n kendi gelece\u011fini belirleme hakk\u0131n\u0131n tan\u0131nd\u0131\u011f\u0131, e\u015fit yurtta\u015fl\u0131k temelinde \u00f6zg\u00fcr bireylerin ya\u015fad\u0131\u011f\u0131 \u00e7a\u011fda\u015f bir y\u00f6netim bi\u00e7imidir. 102 y\u0131l \u00f6nce yak\u0131lan bu ayd\u0131nlanma me\u015falesi, bug\u00fcn de yolumuzu ayd\u0131nlatmaya devam ediyor&#8221; dedi.<br \/>\n<br \/>Ba\u015fkan K\u00f6ksal Aras, Cumhuriyet\u2019in sadece bir y\u00f6netim bi\u00e7imi olmad\u0131\u011f\u0131n\u0131, ayn\u0131 zamanda bir \u00e7a\u011fda\u015fla\u015fma projesi ve kad\u0131nlar\u0131n, \u00e7ocuklar\u0131n, emek\u00e7ilerin, t\u00fcm halk\u0131n e\u015fit haklara sahip olmas\u0131n\u0131n da temeli oldu\u011funu belirterek; &#8220;Gazi Mustafa Kemal Atat\u00fcrk\u2019\u00fcn \u00f6nc\u00fcl\u00fc\u011f\u00fcnde kurulan T\u00fcrkiye Cumhuriyeti; laiklik, bilim, sanat ve e\u011fitimle g\u00fc\u00e7lenen, hak temelli bir toplum hedefiyle in\u015fa edildi. Bizler de bu miras\u0131 yaln\u0131zca korumakla kalm\u0131yor, her g\u00fcn yeniden b\u00fcy\u00fctmek i\u00e7in \u00e7al\u0131\u015f\u0131yoruz&#8221; diye konu\u015ftu.<br \/>\n<br \/>Mente\u015fe Belediyesi olarak Cumhuriyet\u2019in temel ilkelerini kent y\u00f6netiminde ya\u015fatmaya devam ettiklerini belirten K\u00f6ksal Aras, &#8220;Cumhuriyetimizi gelece\u011fe ta\u015f\u0131mak, kad\u0131n erkek e\u015fitli\u011fini sa\u011flamak, \u00e7ocuklar\u0131m\u0131za \u00f6zg\u00fcr ve adil bir \u00fclke b\u0131rakmak hepimizin g\u00f6revidir. Bu bilin\u00e7le; kat\u0131l\u0131mc\u0131, adil, sosyal ve \u00e7evreci bir yerel y\u00f6netim anlay\u0131\u015f\u0131yla \u00e7al\u0131\u015f\u0131yoruz. Ba\u015fta Cumhuriyetimizin kurucusu Gazi Mustafa Kemal Atat\u00fcrk olmak \u00fczere, silah arkada\u015flar\u0131n\u0131, aziz \u015fehitlerimizi ve t\u00fcm gazilerimizi sayg\u0131 ve minnetle an\u0131yor; t\u00fcm halk\u0131m\u0131z\u0131n 29 Ekim Cumhuriyet Bayram\u0131\u2019n\u0131 kutluyorum&#8221; \u015feklinde konu\u015ftu.<br \/><\/p>\n","protected":false},"excerpt":{"rendered":"<p>Mente\u015fe Belediye Ba\u015fkan\u0131 Gonca K\u00f6ksal Aras, Cumhuriyet\u2019in ilan\u0131n\u0131n 102. y\u0131l d\u00f6n\u00fcm\u00fc dolay\u0131s\u0131yla yay\u0131mlad\u0131\u011f\u0131 kutlama mesaj\u0131nda, Cumhuriyetin demokrasi, e\u015fit yurtta\u015fl\u0131k ve ba\u011f\u0131ms\u0131zl\u0131k temelinde y\u00fckselen b\u00fcy\u00fck bir halk iradesi oldu\u011funu vurgulad\u0131. Ba\u015fkan K\u00f6ksal Aras, &#8220;Cumhuriyet; halk\u0131n kendi gelece\u011fini belirleme hakk\u0131n\u0131n tan\u0131nd\u0131\u011f\u0131, e\u015fit yurtta\u015fl\u0131k temelinde \u00f6zg\u00fcr bireylerin ya\u015fad\u0131\u011f\u0131 \u00e7a\u011fda\u015f bir y\u00f6netim bi\u00e7imidir. 102 y\u0131l \u00f6nce yak\u0131lan bu ayd\u0131nlanma&#8230;<\/p>\n","protected":false},"author":1,"featured_media":64321,"comment_status":"open","ping_status":"open","sticky":false,"template":"","format":"standard","meta":{"_crdt_document":"","footnotes":""},"categories":[127],"tags":[],"class_list":["post-64320","post","type-post","status-publish","format-standard","has-post-thumbnail","hentry","category-siyaset"],"_links":{"self":[{"href":"https:\/\/www.egemtv.com\/index.php?rest_route=\/wp\/v2\/posts\/64320","targetHints":{"allow":["GET"]}}],"collection":[{"href":"https:\/\/www.egemtv.com\/index.php?rest_route=\/wp\/v2\/posts"}],"about":[{"href":"https:\/\/www.egemtv.com\/index.php?rest_route=\/wp\/v2\/types\/post"}],"author":[{"embeddable":true,"href":"https:\/\/www.egemtv.com\/index.php?rest_route=\/wp\/v2\/users\/1"}],"replies":[{"embeddable":true,"href":"https:\/\/www.egemtv.com\/index.php?rest_route=%2Fwp%2Fv2%2Fcomments&post=64320"}],"version-history":[{"count":1,"href":"https:\/\/www.egemtv.com\/index.php?rest_route=\/wp\/v2\/posts\/64320\/revisions"}],"predecessor-version":[{"id":64322,"href":"https:\/\/www.egemtv.com\/index.php?rest_route=\/wp\/v2\/posts\/64320\/revisions\/64322"}],"wp:featuredmedia":[{"embeddable":true,"href":"https:\/\/www.egemtv.com\/index.php?rest_route=\/wp\/v2\/media\/64321"}],"wp:attachment":[{"href":"https:\/\/www.egemtv.com\/index.php?rest_route=%2Fwp%2Fv2%2Fmedia&parent=64320"}],"wp:term":[{"taxonomy":"category","embeddable":true,"href":"https:\/\/www.egemtv.com\/index.php?rest_route=%2Fwp%2Fv2%2Fcategories&post=64320"},{"taxonomy":"post_tag","embeddable":true,"href":"https:\/\/www.egemtv.com\/index.php?rest_route=%2Fwp%2Fv2%2Ftags&post=64320"}],"curies":[{"name":"wp","href":"https:\/\/api.w.org\/{rel}","templated":true}]}}