{"id":64317,"date":"2025-10-28T12:55:38","date_gmt":"2025-10-28T09:55:38","guid":{"rendered":"https:\/\/www.egemtv.com\/?p=64317"},"modified":"2025-10-28T12:55:42","modified_gmt":"2025-10-28T09:55:42","slug":"kaza-yapip-yanmaya-baslayan-motosikletin-surucusunu-vatandaslar-kurtardi","status":"publish","type":"post","link":"https:\/\/www.egemtv.com\/?p=64317","title":{"rendered":"Kaza yap\u0131p yanmaya ba\u015flayan motosikletin s\u00fcr\u00fcc\u00fcs\u00fcn\u00fc vatanda\u015flar kurtard\u0131"},"content":{"rendered":"<p>Burdur\u2019un Bucak il\u00e7esinde otomobille \u00e7arp\u0131\u015farak yanmaya ba\u015flayan motosikletin s\u00fcr\u00fcc\u00fcs\u00fc, son anda yanmaktan vatanda\u015flar sayesinde kurtuldu. Olay an\u0131 ise bir i\u015f yerinin g\u00fcvenlik kameras\u0131na ve bir vatanda\u015f\u0131n cep telefonu g\u00f6r\u00fcnt\u00fcs\u00fcne saniye saniye yans\u0131d\u0131.<br \/>\n<br \/>Kaza, saat 02.00 s\u0131ralar\u0131nda Kahveler mevkiinde meydana geldi. Edinilen bilgiye g\u00f6re, B.P. idaresindeki 07 BRK 015 plakal\u0131 otomobille ayn\u0131 y\u00f6nde ilerleyen ve s\u00fcr\u00fcc\u00fcs\u00fcn\u00fcn ad\u0131 hen\u00fcz \u00f6\u011frenilemeyen 07 CDG 180 plakal\u0131 motosiklet \u00e7arp\u0131\u015ft\u0131. Kazada savrulan motosiklet, park halindeki ara\u00e7lara \u00e7arparak alev ald\u0131. Motosikletin yan\u0131nda bulunan s\u00fcr\u00fcc\u00fc ise yanmaktan son anda \u00e7evredeki bulunan vatanda\u015flar taraf\u0131ndan kurtar\u0131ld\u0131. \u0130hbar \u00fczerine adrese itfaiye, sa\u011fl\u0131k ve polis ekipleri sevk edildi. Adrese gelen itfaiye ekipleri taraf\u0131ndan yang\u0131n s\u00f6nd\u00fcr\u00fcl\u00fcrken a\u011f\u0131r yaralanan motosiklet s\u00fcr\u00fcc\u00fcs\u00fc sa\u011fl\u0131k ekipleri taraf\u0131ndan yap\u0131lan ilk m\u00fcdahalenin ard\u0131ndan ambulansla Bucak Devlet Hastanesi\u2019ne kald\u0131r\u0131ld\u0131.<br \/>\n<br \/>Kaza sonras\u0131 ya\u015fananlar ise \u00e7evrede bulunan bir i\u015f yerinin g\u00fcvenlik kameras\u0131na ve bir vatanda\u015f\u0131n cep telefonu kameras\u0131na yans\u0131d\u0131. G\u00f6r\u00fcnt\u00fclerde, motosiklet s\u00fcr\u00fcc\u00fcs\u00fcn\u00fcn vatanda\u015flar taraf\u0131ndan kurtar\u0131lmas\u0131, motosikletin yanmas\u0131 ve ya\u015fanan panik yer al\u0131yor.<br \/>\n<br \/>Kazayla ilgili tahkikat ba\u015flat\u0131ld\u0131.<br \/><\/p>\n","protected":false},"excerpt":{"rendered":"<p>Burdur\u2019un Bucak il\u00e7esinde otomobille \u00e7arp\u0131\u015farak yanmaya ba\u015flayan motosikletin s\u00fcr\u00fcc\u00fcs\u00fc, son anda yanmaktan vatanda\u015flar sayesinde kurtuldu. Olay an\u0131 ise bir i\u015f yerinin g\u00fcvenlik kameras\u0131na ve bir vatanda\u015f\u0131n cep telefonu g\u00f6r\u00fcnt\u00fcs\u00fcne saniye saniye yans\u0131d\u0131. Kaza, saat 02.00 s\u0131ralar\u0131nda Kahveler mevkiinde meydana geldi. Edinilen bilgiye g\u00f6re, B.P. idaresindeki 07 BRK 015 plakal\u0131 otomobille ayn\u0131 y\u00f6nde ilerleyen ve s\u00fcr\u00fcc\u00fcs\u00fcn\u00fcn&#8230;<\/p>\n","protected":false},"author":1,"featured_media":64318,"comment_status":"open","ping_status":"open","sticky":false,"template":"","format":"standard","meta":{"_crdt_document":"","footnotes":""},"categories":[5],"tags":[],"class_list":["post-64317","post","type-post","status-publish","format-standard","has-post-thumbnail","hentry","category-asayis"],"_links":{"self":[{"href":"https:\/\/www.egemtv.com\/index.php?rest_route=\/wp\/v2\/posts\/64317","targetHints":{"allow":["GET"]}}],"collection":[{"href":"https:\/\/www.egemtv.com\/index.php?rest_route=\/wp\/v2\/posts"}],"about":[{"href":"https:\/\/www.egemtv.com\/index.php?rest_route=\/wp\/v2\/types\/post"}],"author":[{"embeddable":true,"href":"https:\/\/www.egemtv.com\/index.php?rest_route=\/wp\/v2\/users\/1"}],"replies":[{"embeddable":true,"href":"https:\/\/www.egemtv.com\/index.php?rest_route=%2Fwp%2Fv2%2Fcomments&post=64317"}],"version-history":[{"count":1,"href":"https:\/\/www.egemtv.com\/index.php?rest_route=\/wp\/v2\/posts\/64317\/revisions"}],"predecessor-version":[{"id":64319,"href":"https:\/\/www.egemtv.com\/index.php?rest_route=\/wp\/v2\/posts\/64317\/revisions\/64319"}],"wp:featuredmedia":[{"embeddable":true,"href":"https:\/\/www.egemtv.com\/index.php?rest_route=\/wp\/v2\/media\/64318"}],"wp:attachment":[{"href":"https:\/\/www.egemtv.com\/index.php?rest_route=%2Fwp%2Fv2%2Fmedia&parent=64317"}],"wp:term":[{"taxonomy":"category","embeddable":true,"href":"https:\/\/www.egemtv.com\/index.php?rest_route=%2Fwp%2Fv2%2Fcategories&post=64317"},{"taxonomy":"post_tag","embeddable":true,"href":"https:\/\/www.egemtv.com\/index.php?rest_route=%2Fwp%2Fv2%2Ftags&post=64317"}],"curies":[{"name":"wp","href":"https:\/\/api.w.org\/{rel}","templated":true}]}}