{"id":64314,"date":"2025-10-28T12:35:43","date_gmt":"2025-10-28T09:35:43","guid":{"rendered":"https:\/\/www.egemtv.com\/?p=64314"},"modified":"2025-10-28T12:35:46","modified_gmt":"2025-10-28T09:35:46","slug":"yunusemreli-tekvandoculardan-4-madalya","status":"publish","type":"post","link":"https:\/\/www.egemtv.com\/?p=64314","title":{"rendered":"Yunusemreli tekvandoculardan 4 madalya"},"content":{"rendered":"<p>Yunusemre Belediyespor\u2019un tekvandocular\u0131, Soma Kaymakaml\u0131\u011f\u0131 Tekvando Cumhuriyet Kupas\u0131\u2019nda 2 alt\u0131n, 1 g\u00fcm\u00fc\u015f ve 1 bronz madalya kazanarak k\u0131zlarda tak\u0131m halinde ikincilik elde etti.<br \/>\n<br \/>Yunusemre Belediyespor\u2019un tekvandocular\u0131, Soma Kaymakaml\u0131\u011f\u0131 taraf\u0131ndan d\u00fczenlenen Tekvando Cumhuriyet Kupas\u0131\u2019nda b\u00fcy\u00fck bir ba\u015far\u0131ya imza att\u0131. Manisa, \u0130zmir, Ayd\u0131n ve K\u00fctahya\u2019dan toplam 274 sporcunun kat\u0131ld\u0131\u011f\u0131 organizasyonda m\u00fccadele eden Yunusemreli sporcular, 2 alt\u0131n, 1 g\u00fcm\u00fc\u015f ve 1 bronz madalya kazanarak dikkatleri \u00fczerine \u00e7ekti.<br \/>\n<br \/>Yunusemre Belediyesporlu Zeynep Alya Di\u015fbudak 41 kiloda, Melisa Kundak ise 44 kiloda alt\u0131n madalya kazanarak birincilik k\u00fcrs\u00fcs\u00fcne \u00e7\u0131kt\u0131. Engin Ayaz \u015eahin +65 kiloda ikincilik, Eymen Pa\u015falar ise 41 kiloda \u00fc\u00e7\u00fcnc\u00fcl\u00fck elde etti. Bu sonu\u00e7larla Yunusemre Belediyespor, k\u0131zlar tak\u0131m klasman\u0131nda ikinci olarak kupa kazand\u0131.<br \/>\n<br \/>M\u00fcsabakalar\u0131 yerinde takip eden Yunusemre Belediyespor Ba\u015fkan\u0131 B\u00fclent Kanik, sporcular\u0131 ve antren\u00f6rleri tebrik etti. Kanik yapt\u0131\u011f\u0131 a\u00e7\u0131klamada, &#8220;Cumhuriyetimizin 102. y\u0131l\u0131 co\u015fkusunu tekvando turnuvas\u0131nda sporun birle\u015ftirici g\u00fcc\u00fcyle ya\u015fad\u0131k. Elde edilen ba\u015far\u0131lar, kul\u00fcb\u00fcm\u00fcz\u00fcn altyap\u0131dan gelen g\u00fc\u00e7l\u00fc ad\u0131mlar\u0131n\u0131n bir g\u00f6stergesidir. T\u00fcm sporcular\u0131m\u0131z\u0131 ve emek veren antren\u00f6rlerimizi y\u00fcrekten kutluyorum&#8221; dedi.<br \/>\n<br \/>Ba\u015fkan Kanik ayr\u0131ca, Yunusemre Belediye Ba\u015fkan\u0131 Semih Balaban\u2019\u0131n destekleriyle \u00e7ocuklar\u0131 spora y\u00f6nlendirmeye devam edeceklerini belirterek, &#8220;Yunusemre Belediyespor olarak \u00e7ocuklar\u0131m\u0131z\u0131n sporla b\u00fcy\u00fcmesini, \u00f6zg\u00fcven kazanmalar\u0131n\u0131 ve cumhuriyet de\u011ferlerine sahip \u00e7\u0131kmalar\u0131n\u0131 \u00f6nemsiyoruz&#8221; ifadelerini kulland\u0131.<br \/><\/p>\n","protected":false},"excerpt":{"rendered":"<p>Yunusemre Belediyespor\u2019un tekvandocular\u0131, Soma Kaymakaml\u0131\u011f\u0131 Tekvando Cumhuriyet Kupas\u0131\u2019nda 2 alt\u0131n, 1 g\u00fcm\u00fc\u015f ve 1 bronz madalya kazanarak k\u0131zlarda tak\u0131m halinde ikincilik elde etti. Yunusemre Belediyespor\u2019un tekvandocular\u0131, Soma Kaymakaml\u0131\u011f\u0131 taraf\u0131ndan d\u00fczenlenen Tekvando Cumhuriyet Kupas\u0131\u2019nda b\u00fcy\u00fck bir ba\u015far\u0131ya imza att\u0131. Manisa, \u0130zmir, Ayd\u0131n ve K\u00fctahya\u2019dan toplam 274 sporcunun kat\u0131ld\u0131\u011f\u0131 organizasyonda m\u00fccadele eden Yunusemreli sporcular, 2 alt\u0131n, 1&#8230;<\/p>\n","protected":false},"author":1,"featured_media":64315,"comment_status":"open","ping_status":"open","sticky":false,"template":"","format":"standard","meta":{"_crdt_document":"","footnotes":""},"categories":[4],"tags":[],"class_list":["post-64314","post","type-post","status-publish","format-standard","has-post-thumbnail","hentry","category-spor"],"_links":{"self":[{"href":"https:\/\/www.egemtv.com\/index.php?rest_route=\/wp\/v2\/posts\/64314","targetHints":{"allow":["GET"]}}],"collection":[{"href":"https:\/\/www.egemtv.com\/index.php?rest_route=\/wp\/v2\/posts"}],"about":[{"href":"https:\/\/www.egemtv.com\/index.php?rest_route=\/wp\/v2\/types\/post"}],"author":[{"embeddable":true,"href":"https:\/\/www.egemtv.com\/index.php?rest_route=\/wp\/v2\/users\/1"}],"replies":[{"embeddable":true,"href":"https:\/\/www.egemtv.com\/index.php?rest_route=%2Fwp%2Fv2%2Fcomments&post=64314"}],"version-history":[{"count":1,"href":"https:\/\/www.egemtv.com\/index.php?rest_route=\/wp\/v2\/posts\/64314\/revisions"}],"predecessor-version":[{"id":64316,"href":"https:\/\/www.egemtv.com\/index.php?rest_route=\/wp\/v2\/posts\/64314\/revisions\/64316"}],"wp:featuredmedia":[{"embeddable":true,"href":"https:\/\/www.egemtv.com\/index.php?rest_route=\/wp\/v2\/media\/64315"}],"wp:attachment":[{"href":"https:\/\/www.egemtv.com\/index.php?rest_route=%2Fwp%2Fv2%2Fmedia&parent=64314"}],"wp:term":[{"taxonomy":"category","embeddable":true,"href":"https:\/\/www.egemtv.com\/index.php?rest_route=%2Fwp%2Fv2%2Fcategories&post=64314"},{"taxonomy":"post_tag","embeddable":true,"href":"https:\/\/www.egemtv.com\/index.php?rest_route=%2Fwp%2Fv2%2Ftags&post=64314"}],"curies":[{"name":"wp","href":"https:\/\/api.w.org\/{rel}","templated":true}]}}