{"id":64257,"date":"2025-10-28T10:34:59","date_gmt":"2025-10-28T07:34:59","guid":{"rendered":"https:\/\/www.egemtv.com\/?p=64257"},"modified":"2025-10-28T10:35:10","modified_gmt":"2025-10-28T07:35:10","slug":"kurtulusun-kadinlari-tiyatrosu-germencikte-seyirciyle-bulustu","status":"publish","type":"post","link":"https:\/\/www.egemtv.com\/?p=64257","title":{"rendered":"Kurtulu\u015fun Kad\u0131nlar\u0131 tiyatrosu Germencik\u2019te seyirciyle bulu\u015ftu"},"content":{"rendered":"<p>Cumhuriyet\u2019in 102. y\u0131l\u0131 etkinlikleri kapsam\u0131nda Germencik\u2019te sahnelenen &#8220;Kurtulu\u015fun Kad\u0131nlar\u0131&#8221; tiyatro oyunu, kahraman T\u00fcrk kad\u0131nlar\u0131n\u0131n destans\u0131 m\u00fccadelesini g\u00f6zler \u00f6n\u00fcne serdi.<\/p>\n<p>Germencik Belediyesi taraf\u0131ndan Cumhuriyetin 102. y\u0131l\u0131 kapsam\u0131nda sahnelenen Kurtulu\u015fun Kad\u0131nlar\u0131 isimli tiyatro oyunu duygu dolu anlar ya\u015fatt\u0131. Germencik Belediyesi Tiyatro ve G\u00f6steri Salonu\u2019nda ger\u00e7ekle\u015fen etkinlikte, \u00c7ete Ay\u015fe, Kara Fatma, G\u00f6rdesli Makbule, \u015eerife Bac\u0131, Nezahat Onba\u015f\u0131, Halide Edip Ad\u0131var, Halime \u00c7avu\u015f ve Tayyar Rahmiye gibi kahraman kad\u0131nlar\u0131n destans\u0131 m\u00fccadelesi sahneye ta\u015f\u0131nd\u0131. Tiyatro sanat\u00e7\u0131s\u0131 Ecem Y\u00fcksel\u2019in performans\u0131yla hayat bulan oyun, salonu dolduran izleyicilere duygu dolu anlar ya\u015fatt\u0131. Cumhuriyet\u2019in kazan\u0131lmas\u0131nda b\u00fcy\u00fck pay\u0131 olan kad\u0131n kahramanlar\u0131n fedakarl\u0131klar\u0131n\u0131n anlat\u0131ld\u0131\u011f\u0131 oyun uzun s\u00fcre ayakta alk\u0131\u015fland\u0131.<\/p>\n<p>Germencik Belediye Ba\u015fkan\u0131 Burak Zencirci yapt\u0131\u011f\u0131 a\u00e7\u0131klamada, &#8220;Cumhuriyet\u2019imizin kurulu\u015funun 102. y\u0131l\u0131n\u0131 kar\u015f\u0131larken, Belediyemiz Sahne Germencik Tiyatro ve G\u00f6steri Salonu\u2019nda  Kurtulu\u015fun Kad\u0131nlar\u0131 adl\u0131 tiyatro oyununu seyirciyle bulu\u015fturduk. Nice Kuvay-i Milliye Kad\u0131n\u0131\u2019n\u0131n canland\u0131r\u0131ld\u0131\u011f\u0131 bu muhte\u015fem oyunu sahneleyen tiyatro sanat\u00e7\u0131s\u0131 Ecem Y\u00fcksel\u2019e ve eme\u011fi ge\u00e7en herkese sonsuz te\u015fekk\u00fcrlerimi sunar\u0131m. Cumhuriyet\u2019in \u0131\u015f\u0131\u011f\u0131yla ayd\u0131nlanan, kad\u0131nlar\u0131n g\u00fcc\u00fcyle b\u00fcy\u00fcyen bir Germencik i\u00e7in \u00e7al\u0131\u015fmaya devam edece\u011fiz&#8221; ifadelerini kulland\u0131.<br \/><\/p>\n","protected":false},"excerpt":{"rendered":"<p>Cumhuriyet\u2019in 102. y\u0131l\u0131 etkinlikleri kapsam\u0131nda Germencik\u2019te sahnelenen &#8220;Kurtulu\u015fun Kad\u0131nlar\u0131&#8221; tiyatro oyunu, kahraman T\u00fcrk kad\u0131nlar\u0131n\u0131n destans\u0131 m\u00fccadelesini g\u00f6zler \u00f6n\u00fcne serdi. Germencik Belediyesi taraf\u0131ndan Cumhuriyetin 102. y\u0131l\u0131 kapsam\u0131nda sahnelenen Kurtulu\u015fun Kad\u0131nlar\u0131 isimli tiyatro oyunu duygu dolu anlar ya\u015fatt\u0131. Germencik Belediyesi Tiyatro ve G\u00f6steri Salonu\u2019nda ger\u00e7ekle\u015fen etkinlikte, \u00c7ete Ay\u015fe, Kara Fatma, G\u00f6rdesli Makbule, \u015eerife Bac\u0131, Nezahat Onba\u015f\u0131, Halide&#8230;<\/p>\n","protected":false},"author":1,"featured_media":64258,"comment_status":"open","ping_status":"open","sticky":false,"template":"","format":"standard","meta":{"_crdt_document":"","footnotes":""},"categories":[1],"tags":[],"class_list":["post-64257","post","type-post","status-publish","format-standard","has-post-thumbnail","hentry","category-guncel"],"_links":{"self":[{"href":"https:\/\/www.egemtv.com\/index.php?rest_route=\/wp\/v2\/posts\/64257","targetHints":{"allow":["GET"]}}],"collection":[{"href":"https:\/\/www.egemtv.com\/index.php?rest_route=\/wp\/v2\/posts"}],"about":[{"href":"https:\/\/www.egemtv.com\/index.php?rest_route=\/wp\/v2\/types\/post"}],"author":[{"embeddable":true,"href":"https:\/\/www.egemtv.com\/index.php?rest_route=\/wp\/v2\/users\/1"}],"replies":[{"embeddable":true,"href":"https:\/\/www.egemtv.com\/index.php?rest_route=%2Fwp%2Fv2%2Fcomments&post=64257"}],"version-history":[{"count":1,"href":"https:\/\/www.egemtv.com\/index.php?rest_route=\/wp\/v2\/posts\/64257\/revisions"}],"predecessor-version":[{"id":64259,"href":"https:\/\/www.egemtv.com\/index.php?rest_route=\/wp\/v2\/posts\/64257\/revisions\/64259"}],"wp:featuredmedia":[{"embeddable":true,"href":"https:\/\/www.egemtv.com\/index.php?rest_route=\/wp\/v2\/media\/64258"}],"wp:attachment":[{"href":"https:\/\/www.egemtv.com\/index.php?rest_route=%2Fwp%2Fv2%2Fmedia&parent=64257"}],"wp:term":[{"taxonomy":"category","embeddable":true,"href":"https:\/\/www.egemtv.com\/index.php?rest_route=%2Fwp%2Fv2%2Fcategories&post=64257"},{"taxonomy":"post_tag","embeddable":true,"href":"https:\/\/www.egemtv.com\/index.php?rest_route=%2Fwp%2Fv2%2Ftags&post=64257"}],"curies":[{"name":"wp","href":"https:\/\/api.w.org\/{rel}","templated":true}]}}