{"id":64254,"date":"2025-10-28T09:59:58","date_gmt":"2025-10-28T06:59:58","guid":{"rendered":"https:\/\/www.egemtv.com\/?p=64254"},"modified":"2025-10-28T10:00:31","modified_gmt":"2025-10-28T07:00:31","slug":"sokede-kirsal-mahallelerdeki-tavuklardan-kus-gribi-numunesi-alindi","status":"publish","type":"post","link":"https:\/\/www.egemtv.com\/?p=64254","title":{"rendered":"S\u00f6ke\u2019de k\u0131rsal mahallelerdeki tavuklardan ku\u015f gribi numunesi al\u0131nd\u0131"},"content":{"rendered":"<p>Ayd\u0131n\u2019\u0131n S\u00f6ke il\u00e7esinde ku\u015f gribi saha taramas\u0131 kapsam\u0131nda Do\u011fanbey Mahallesi\u2019nde k\u0131rsal mahallelerdeki tavuklar\u0131ndan incelenmek \u00fczere numuneler al\u0131nd\u0131.<\/p>\n<p>S\u00f6ke \u0130l\u00e7e Tar\u0131m ve Orman M\u00fcd\u00fcrl\u00fc\u011f\u00fc ekipleri, il genelinde s\u00fcrd\u00fcr\u00fclen ku\u015f gribi (avian influenza) saha taramalar\u0131 \u00e7er\u00e7evesinde Do\u011fanbey Mahallesi\u2019nde \u00e7al\u0131\u015fma ger\u00e7ekle\u015ftirdi. Mahalledeki k\u00f6y tavuklar\u0131ndan al\u0131nan numuneler laboratuvarda incelenmek \u00fczere ilgili yerlere g\u00f6nderildi. Ekiplerin ger\u00e7ekle\u015ftirdi\u011fi kontrollerde kanatl\u0131 hayvanlarda hastal\u0131k belirtisi olup olmad\u0131\u011f\u0131n\u0131n tespiti ve erken uyar\u0131 sisteminin etkin \u015fekilde y\u00fcr\u00fct\u00fclmesi ama\u00e7lan\u0131rken, yetkililer vatanda\u015flar\u0131n bu t\u00fcr \u00e7al\u0131\u015fmalara destek olmas\u0131n\u0131 istendi. Ayr\u0131ca kanatl\u0131 hayvanlarda ola\u011fan d\u0131\u015f\u0131 durumlar\u0131n fark edilmesi halinde en yak\u0131n tar\u0131m birimine bildirilmesi gerekti\u011fi hat\u0131rlat\u0131ld\u0131.<br \/><\/p>\n","protected":false},"excerpt":{"rendered":"<p>Ayd\u0131n\u2019\u0131n S\u00f6ke il\u00e7esinde ku\u015f gribi saha taramas\u0131 kapsam\u0131nda Do\u011fanbey Mahallesi\u2019nde k\u0131rsal mahallelerdeki tavuklar\u0131ndan incelenmek \u00fczere numuneler al\u0131nd\u0131. S\u00f6ke \u0130l\u00e7e Tar\u0131m ve Orman M\u00fcd\u00fcrl\u00fc\u011f\u00fc ekipleri, il genelinde s\u00fcrd\u00fcr\u00fclen ku\u015f gribi (avian influenza) saha taramalar\u0131 \u00e7er\u00e7evesinde Do\u011fanbey Mahallesi\u2019nde \u00e7al\u0131\u015fma ger\u00e7ekle\u015ftirdi. Mahalledeki k\u00f6y tavuklar\u0131ndan al\u0131nan numuneler laboratuvarda incelenmek \u00fczere ilgili yerlere g\u00f6nderildi. Ekiplerin ger\u00e7ekle\u015ftirdi\u011fi kontrollerde kanatl\u0131 hayvanlarda hastal\u0131k&#8230;<\/p>\n","protected":false},"author":1,"featured_media":64255,"comment_status":"open","ping_status":"open","sticky":false,"template":"","format":"standard","meta":{"_crdt_document":"","footnotes":""},"categories":[1],"tags":[],"class_list":["post-64254","post","type-post","status-publish","format-standard","has-post-thumbnail","hentry","category-guncel"],"_links":{"self":[{"href":"https:\/\/www.egemtv.com\/index.php?rest_route=\/wp\/v2\/posts\/64254","targetHints":{"allow":["GET"]}}],"collection":[{"href":"https:\/\/www.egemtv.com\/index.php?rest_route=\/wp\/v2\/posts"}],"about":[{"href":"https:\/\/www.egemtv.com\/index.php?rest_route=\/wp\/v2\/types\/post"}],"author":[{"embeddable":true,"href":"https:\/\/www.egemtv.com\/index.php?rest_route=\/wp\/v2\/users\/1"}],"replies":[{"embeddable":true,"href":"https:\/\/www.egemtv.com\/index.php?rest_route=%2Fwp%2Fv2%2Fcomments&post=64254"}],"version-history":[{"count":1,"href":"https:\/\/www.egemtv.com\/index.php?rest_route=\/wp\/v2\/posts\/64254\/revisions"}],"predecessor-version":[{"id":64256,"href":"https:\/\/www.egemtv.com\/index.php?rest_route=\/wp\/v2\/posts\/64254\/revisions\/64256"}],"wp:featuredmedia":[{"embeddable":true,"href":"https:\/\/www.egemtv.com\/index.php?rest_route=\/wp\/v2\/media\/64255"}],"wp:attachment":[{"href":"https:\/\/www.egemtv.com\/index.php?rest_route=%2Fwp%2Fv2%2Fmedia&parent=64254"}],"wp:term":[{"taxonomy":"category","embeddable":true,"href":"https:\/\/www.egemtv.com\/index.php?rest_route=%2Fwp%2Fv2%2Fcategories&post=64254"},{"taxonomy":"post_tag","embeddable":true,"href":"https:\/\/www.egemtv.com\/index.php?rest_route=%2Fwp%2Fv2%2Ftags&post=64254"}],"curies":[{"name":"wp","href":"https:\/\/api.w.org\/{rel}","templated":true}]}}