{"id":64251,"date":"2025-10-28T09:59:31","date_gmt":"2025-10-28T06:59:31","guid":{"rendered":"https:\/\/www.egemtv.com\/?p=64251"},"modified":"2025-10-28T09:59:49","modified_gmt":"2025-10-28T06:59:49","slug":"koycegizdeki-hastanede-hasta-haklari-anlatildi","status":"publish","type":"post","link":"https:\/\/www.egemtv.com\/?p=64251","title":{"rendered":"K\u00f6yce\u011fiz\u2019deki hastanede hasta haklar\u0131 anlat\u0131ld\u0131"},"content":{"rendered":"<p>Mu\u011fla\u2019n\u0131n K\u00f6yce\u011fiz il\u00e7esinde 26 Ekim Hasta Haklar\u0131 G\u00fcn\u00fc sebebiyle Devlet Hastanesi\u2019nde yatarak ve ayaktan tedavi g\u00f6ren hastalar ziyaret edilerek haklar\u0131 ve sorumluluklar\u0131 ile ilgili bilgilendirilip bro\u015f\u00fcr da\u011f\u0131t\u0131m\u0131 yap\u0131ld\u0131.<\/p>\n<p>29 Ekim Cumhuriyet Bayram\u0131 haftas\u0131 nedeniyle de K\u00f6yce\u011fiz Devlet Hastanesi personellerinin haz\u0131rlam\u0131\u015f oldu\u011fu ay y\u0131ld\u0131zl\u0131 bileklikler hediye edilerek bayramlar\u0131 kutland\u0131. Ayr\u0131ca Hasta Haklar\u0131 g\u00fcn\u00fc sebebiyle K\u00f6yce\u011fiz Kaymakam\u0131 Mert Kumcu, \u0130l\u00e7e Sa\u011fl\u0131k M\u00fcd\u00fcr\u00fc Filiz Ko\u00e7yi\u011fit, K\u00f6yce\u011fiz Devlet Hastanesi Ba\u015fhekimi Op. Dr. S\u00fcreyya Kolcuo\u011flu ve ilgili kurum amirleri ile birlikte K\u00f6yce\u011fiz Devlet Hastanesi evde sa\u011fl\u0131k birimi taraf\u0131ndan hizmet alan hastalara ev ziyareti yap\u0131ld\u0131. Hasta haklar\u0131n\u0131n, hastalar ve sa\u011fl\u0131k personeli aras\u0131ndaki sa\u011fl\u0131kl\u0131 ve g\u00fcvenli ileti\u015fim s\u00fcreci temeline dayand\u0131\u011f\u0131 belirtildi.<\/p>\n","protected":false},"excerpt":{"rendered":"<p>Mu\u011fla\u2019n\u0131n K\u00f6yce\u011fiz il\u00e7esinde 26 Ekim Hasta Haklar\u0131 G\u00fcn\u00fc sebebiyle Devlet Hastanesi\u2019nde yatarak ve ayaktan tedavi g\u00f6ren hastalar ziyaret edilerek haklar\u0131 ve sorumluluklar\u0131 ile ilgili bilgilendirilip bro\u015f\u00fcr da\u011f\u0131t\u0131m\u0131 yap\u0131ld\u0131. 29 Ekim Cumhuriyet Bayram\u0131 haftas\u0131 nedeniyle de K\u00f6yce\u011fiz Devlet Hastanesi personellerinin haz\u0131rlam\u0131\u015f oldu\u011fu ay y\u0131ld\u0131zl\u0131 bileklikler hediye edilerek bayramlar\u0131 kutland\u0131. Ayr\u0131ca Hasta Haklar\u0131 g\u00fcn\u00fc sebebiyle K\u00f6yce\u011fiz Kaymakam\u0131&#8230;<\/p>\n","protected":false},"author":1,"featured_media":64252,"comment_status":"open","ping_status":"open","sticky":false,"template":"","format":"standard","meta":{"_crdt_document":"","footnotes":""},"categories":[1],"tags":[],"class_list":["post-64251","post","type-post","status-publish","format-standard","has-post-thumbnail","hentry","category-guncel"],"_links":{"self":[{"href":"https:\/\/www.egemtv.com\/index.php?rest_route=\/wp\/v2\/posts\/64251","targetHints":{"allow":["GET"]}}],"collection":[{"href":"https:\/\/www.egemtv.com\/index.php?rest_route=\/wp\/v2\/posts"}],"about":[{"href":"https:\/\/www.egemtv.com\/index.php?rest_route=\/wp\/v2\/types\/post"}],"author":[{"embeddable":true,"href":"https:\/\/www.egemtv.com\/index.php?rest_route=\/wp\/v2\/users\/1"}],"replies":[{"embeddable":true,"href":"https:\/\/www.egemtv.com\/index.php?rest_route=%2Fwp%2Fv2%2Fcomments&post=64251"}],"version-history":[{"count":1,"href":"https:\/\/www.egemtv.com\/index.php?rest_route=\/wp\/v2\/posts\/64251\/revisions"}],"predecessor-version":[{"id":64253,"href":"https:\/\/www.egemtv.com\/index.php?rest_route=\/wp\/v2\/posts\/64251\/revisions\/64253"}],"wp:featuredmedia":[{"embeddable":true,"href":"https:\/\/www.egemtv.com\/index.php?rest_route=\/wp\/v2\/media\/64252"}],"wp:attachment":[{"href":"https:\/\/www.egemtv.com\/index.php?rest_route=%2Fwp%2Fv2%2Fmedia&parent=64251"}],"wp:term":[{"taxonomy":"category","embeddable":true,"href":"https:\/\/www.egemtv.com\/index.php?rest_route=%2Fwp%2Fv2%2Fcategories&post=64251"},{"taxonomy":"post_tag","embeddable":true,"href":"https:\/\/www.egemtv.com\/index.php?rest_route=%2Fwp%2Fv2%2Ftags&post=64251"}],"curies":[{"name":"wp","href":"https:\/\/api.w.org\/{rel}","templated":true}]}}