{"id":64245,"date":"2025-10-28T09:58:40","date_gmt":"2025-10-28T06:58:40","guid":{"rendered":"https:\/\/www.egemtv.com\/?p=64245"},"modified":"2025-10-28T09:58:49","modified_gmt":"2025-10-28T06:58:49","slug":"baskan-ercandan-kent-konseyine-destek","status":"publish","type":"post","link":"https:\/\/www.egemtv.com\/?p=64245","title":{"rendered":"Ba\u015fkan Ercan\u2019dan Kent Konseyine destek"},"content":{"rendered":"<p>Yenipazar Belediye Ba\u015fkan\u0131 Malik Ercan, g\u00f6reve geldi\u011fi g\u00fcnden itibaren Yenipazar Kent Konseyine desteklerini vermeyi s\u00fcrd\u00fcr\u00fcyor. Ba\u015fkan Ercan son olarak Kent Konseyi Kad\u0131n ve Gen\u00e7lik Meclislerini \u00e7e\u015fitli etkinliklerle bulu\u015fturdu.<\/p>\n<p>Yenipazar Kent Konseyi Kad\u0131n Meclisi taraf\u0131ndan il\u00e7eye ya\u015fayan kad\u0131nlara y\u00f6nelik Cumartesi g\u00fcn\u00fc Afrodisias Antik Kentine k\u00fclt\u00fcr gezisi d\u00fczenlenirken, Pazar g\u00fcn\u00fc ise \u00c7ak\u0131rbeyli Organik Pazar\u0131 ziyaret edilerek yeti\u015ftirilen \u00fcr\u00fcnlerin pazarlama \u015fekilleri hakk\u0131nda bilgi al\u0131\u015fveri\u015fi yap\u0131ld\u0131. Kad\u0131n Meclis Ba\u015fkan\u0131 Ye\u015fim S\u00fcmer\u2019in de kat\u0131ld\u0131\u011f\u0131 gezileri Yenipazar Belediyesi destekledi. Kent Konseyi Gen\u00e7lik Meclisi ise Ayd\u0131n Tekstil Park\u2019ta d\u00fczenlenen Ayd\u0131nfest Gen\u00e7lik Festivali\u2019ne, Yenipazar\u2019da \u00fcniversite e\u011fitimlerine devam eden \u00f6\u011frencilere y\u00f6nelik etkinlik planlad\u0131. Gen\u00e7lere de destek yine Belediye Ba\u015fkan\u0131 Malik Ercan\u2019dan geldi. Hem hafta sonu gezilerine kat\u0131lan hem de Ayd\u0131nfest\u2019e giden \u00fcniversite \u00f6\u011frencileri, kendilerine her zaman yard\u0131mc\u0131 olan Yenipazar Belediye Ba\u015fkan\u0131 Malik Ercan\u2019a te\u015fekk\u00fcrlerini ilettiler.<\/p>\n<p>Konuyla ilgili a\u00e7\u0131klama yapan Yenipazar Belediye Ba\u015fkan\u0131 Malik Ercan, &#8220;Se\u00e7ildi\u011fimiz g\u00fcnden bu yana Kent Konseyi\u2019nin Belediyemizden talep ettiklerini genellikle olumlu kar\u015f\u0131lad\u0131k. Ge\u00e7ti\u011fimiz sene Kad\u0131n Meclisi ile ortak bir Kad\u0131nlar Matinesi bile yapt\u0131k. Uzun s\u00fcredir il\u00e7emizdeki kad\u0131n vatanda\u015flar\u0131m\u0131z\u0131n iste\u011fiydi bu. Kent Konseyinin il\u00e7emizde ya\u015fayan kad\u0131n vatanda\u015flar\u0131m\u0131za ve \u00f6zellikle il\u00e7emize \u00fcniversite okumaya gelen \u00f6\u011frenci karde\u015flerimize y\u00f6nelik onlar\u0131n sosyalle\u015febilmeleri, farkl\u0131 yerleri g\u00f6rebilmeleri gibi bir\u00e7ok \u00f6nemli \u015fehirlere gezi d\u00fczenledi\u011finde destek oluyoruz. \u0130n\u015fallah destek olmaya da devam edece\u011fim&#8221; dedi.<br \/><\/p>\n","protected":false},"excerpt":{"rendered":"<p>Yenipazar Belediye Ba\u015fkan\u0131 Malik Ercan, g\u00f6reve geldi\u011fi g\u00fcnden itibaren Yenipazar Kent Konseyine desteklerini vermeyi s\u00fcrd\u00fcr\u00fcyor. Ba\u015fkan Ercan son olarak Kent Konseyi Kad\u0131n ve Gen\u00e7lik Meclislerini \u00e7e\u015fitli etkinliklerle bulu\u015fturdu. Yenipazar Kent Konseyi Kad\u0131n Meclisi taraf\u0131ndan il\u00e7eye ya\u015fayan kad\u0131nlara y\u00f6nelik Cumartesi g\u00fcn\u00fc Afrodisias Antik Kentine k\u00fclt\u00fcr gezisi d\u00fczenlenirken, Pazar g\u00fcn\u00fc ise \u00c7ak\u0131rbeyli Organik Pazar\u0131 ziyaret edilerek yeti\u015ftirilen&#8230;<\/p>\n","protected":false},"author":1,"featured_media":64246,"comment_status":"open","ping_status":"open","sticky":false,"template":"","format":"standard","meta":{"_crdt_document":"","footnotes":""},"categories":[1],"tags":[],"class_list":["post-64245","post","type-post","status-publish","format-standard","has-post-thumbnail","hentry","category-guncel"],"_links":{"self":[{"href":"https:\/\/www.egemtv.com\/index.php?rest_route=\/wp\/v2\/posts\/64245","targetHints":{"allow":["GET"]}}],"collection":[{"href":"https:\/\/www.egemtv.com\/index.php?rest_route=\/wp\/v2\/posts"}],"about":[{"href":"https:\/\/www.egemtv.com\/index.php?rest_route=\/wp\/v2\/types\/post"}],"author":[{"embeddable":true,"href":"https:\/\/www.egemtv.com\/index.php?rest_route=\/wp\/v2\/users\/1"}],"replies":[{"embeddable":true,"href":"https:\/\/www.egemtv.com\/index.php?rest_route=%2Fwp%2Fv2%2Fcomments&post=64245"}],"version-history":[{"count":1,"href":"https:\/\/www.egemtv.com\/index.php?rest_route=\/wp\/v2\/posts\/64245\/revisions"}],"predecessor-version":[{"id":64247,"href":"https:\/\/www.egemtv.com\/index.php?rest_route=\/wp\/v2\/posts\/64245\/revisions\/64247"}],"wp:featuredmedia":[{"embeddable":true,"href":"https:\/\/www.egemtv.com\/index.php?rest_route=\/wp\/v2\/media\/64246"}],"wp:attachment":[{"href":"https:\/\/www.egemtv.com\/index.php?rest_route=%2Fwp%2Fv2%2Fmedia&parent=64245"}],"wp:term":[{"taxonomy":"category","embeddable":true,"href":"https:\/\/www.egemtv.com\/index.php?rest_route=%2Fwp%2Fv2%2Fcategories&post=64245"},{"taxonomy":"post_tag","embeddable":true,"href":"https:\/\/www.egemtv.com\/index.php?rest_route=%2Fwp%2Fv2%2Ftags&post=64245"}],"curies":[{"name":"wp","href":"https:\/\/api.w.org\/{rel}","templated":true}]}}