{"id":64242,"date":"2025-10-28T09:57:52","date_gmt":"2025-10-28T06:57:52","guid":{"rendered":"https:\/\/www.egemtv.com\/?p=64242"},"modified":"2025-10-28T09:58:25","modified_gmt":"2025-10-28T06:58:25","slug":"vali-coskun-cumhuriyet-turk-milletine-birakilmis-en-buyuk-emanettir","status":"publish","type":"post","link":"https:\/\/www.egemtv.com\/?p=64242","title":{"rendered":"Vali Co\u015fkun: &#8220;Cumhuriyet, T\u00fcrk milletine b\u0131rak\u0131lm\u0131\u015f en b\u00fcy\u00fck emanettir&#8221;"},"content":{"rendered":"<p>Cumhuriyetin kurulu\u015funun 102. Y\u0131ld\u00f6n\u00fcm\u00fc kapsam\u0131nda mesaj yay\u0131mlayan Denizli Valisi \u00d6mer Faruk Co\u015fkun, &#8220;Bug\u00fcn bizlere d\u00fc\u015fen g\u00f6rev, bu emaneti birlik ve beraberli\u011fimizle daha da g\u00fc\u00e7lendirmek; bar\u0131\u015f, huzur ve karde\u015flik i\u00e7inde azimle korumak ve \u00fclkemizi gelecek nesillere daha g\u00fc\u00e7l\u00fc bir \u015fekilde teslim etmektir&#8221; dedi.<\/p>\n<p>Denizli Valisi \u00d6mer Faruk Co\u015fkun, 29 Ekim Cumhuriyet Bayram\u0131 kapsam\u0131nda bir mesaj yay\u0131mlad\u0131. 29 Ekim\u2019in bir iftihar ve gurur g\u00fcn\u00fc oldu\u011funu vurgulayan Vali Co\u015fkun, Gazi Mustafa Kemal Atat\u00fcrk\u2019\u00fcn \u00f6nderli\u011finde aziz milletin zaferle ta\u00e7land\u0131rd\u0131\u011f\u0131 milli m\u00fccadelenin ard\u0131ndan Cumhuriyetin kuruldu\u011funu belirtti. Cumhuriyetin demokrasi ve milli egemenli\u011fimin en somut kazan\u0131m\u0131 oldu\u011funu belirten Vali Co\u015fkun, &#8220;&#8221;T\u00fcrk milletinin karakterine en uygun y\u00f6netim bi\u00e7imi&#8221; olan Cumhuriyet; inan\u00e7la, fedak\u00e2rl\u0131kla ve kahramanl\u0131kla yaz\u0131lm\u0131\u015f bir m\u00fccadelenin tezah\u00fcr\u00fcd\u00fcr. Milletimizin ba\u011f\u0131ms\u0131z ya\u015fama iradesinin eseri olan Cumhuriyet; demokrasi ve milli egemenli\u011fimizin en somut kazan\u0131m\u0131d\u0131r. Cumhuriyet, T\u00fcrk milletine b\u0131rak\u0131lm\u0131\u015f en b\u00fcy\u00fck emanettir. Bug\u00fcn bizlere d\u00fc\u015fen g\u00f6rev, bu emaneti birlik ve beraberli\u011fimizle daha da g\u00fc\u00e7lendirmek; bar\u0131\u015f, huzur ve karde\u015flik i\u00e7inde azimle korumak ve \u00fclkemizi gelecek nesillere daha g\u00fc\u00e7l\u00fc bir \u015fekilde teslim etmektir. K\u00f6klerinden ald\u0131\u011f\u0131 inan\u00e7, birlik ve kararl\u0131l\u0131kla her ge\u00e7en g\u00fcn daha da g\u00fc\u00e7lenen Cumhuriyetimiz; bir\u00e7ok alandaki hamleleri ile d\u00fcnyan\u0131n y\u00fckselen \u00fclkeleri aras\u0131nda yerini alm\u0131\u015f, muas\u0131rla\u015fma yolunda \u00f6nemli mesafeler kat etmi\u015ftir. Unutmay\u0131n ki T\u00fcrkiye Cumhuriyeti, sizlerin inanc\u0131 ve kararl\u0131l\u0131\u011f\u0131yla ilelebet payidar kalacakt\u0131r. T\u00fcrkiye Y\u00fczy\u0131l\u0131\u2019nda gelece\u011fe umutla bakan, m\u00fcreffeh ve g\u00fc\u00e7l\u00fc T\u00fcrkiye ideali; siz gen\u00e7lerin omuzlar\u0131nda y\u00fckselecektir. Bu duygu ve d\u00fc\u015f\u00fcncelerle, Cumhuriyetimizin kurucusu Gazi Mustafa Kemal Atat\u00fcrk ve silah arkada\u015flar\u0131 ba\u015fta olmak \u00fczere aziz \u015fehitlerimizi kahraman gazilerimizi rahmet, minnet ve \u015f\u00fckranla y\u00e2d ediyorum. Bu b\u00fcy\u00fck bayram\u0131n co\u015fkusu ve heyecan\u0131 i\u00e7inde ba\u015fta Denizlili hem\u015fehrilerim olmak \u00fczere t\u00fcm vatanda\u015flar\u0131m\u0131za sevgi ve sayg\u0131lar\u0131m\u0131 sunuyorum. Cumhuriyet Bayram\u0131m\u0131z kutlu olsun&#8221; ifadelerini kulland\u0131.<br \/><\/p>\n","protected":false},"excerpt":{"rendered":"<p>Cumhuriyetin kurulu\u015funun 102. Y\u0131ld\u00f6n\u00fcm\u00fc kapsam\u0131nda mesaj yay\u0131mlayan Denizli Valisi \u00d6mer Faruk Co\u015fkun, &#8220;Bug\u00fcn bizlere d\u00fc\u015fen g\u00f6rev, bu emaneti birlik ve beraberli\u011fimizle daha da g\u00fc\u00e7lendirmek; bar\u0131\u015f, huzur ve karde\u015flik i\u00e7inde azimle korumak ve \u00fclkemizi gelecek nesillere daha g\u00fc\u00e7l\u00fc bir \u015fekilde teslim etmektir&#8221; dedi. Denizli Valisi \u00d6mer Faruk Co\u015fkun, 29 Ekim Cumhuriyet Bayram\u0131 kapsam\u0131nda bir mesaj yay\u0131mlad\u0131&#8230;.<\/p>\n","protected":false},"author":1,"featured_media":64243,"comment_status":"open","ping_status":"open","sticky":false,"template":"","format":"standard","meta":{"_crdt_document":"","footnotes":""},"categories":[1],"tags":[],"class_list":["post-64242","post","type-post","status-publish","format-standard","has-post-thumbnail","hentry","category-guncel"],"_links":{"self":[{"href":"https:\/\/www.egemtv.com\/index.php?rest_route=\/wp\/v2\/posts\/64242","targetHints":{"allow":["GET"]}}],"collection":[{"href":"https:\/\/www.egemtv.com\/index.php?rest_route=\/wp\/v2\/posts"}],"about":[{"href":"https:\/\/www.egemtv.com\/index.php?rest_route=\/wp\/v2\/types\/post"}],"author":[{"embeddable":true,"href":"https:\/\/www.egemtv.com\/index.php?rest_route=\/wp\/v2\/users\/1"}],"replies":[{"embeddable":true,"href":"https:\/\/www.egemtv.com\/index.php?rest_route=%2Fwp%2Fv2%2Fcomments&post=64242"}],"version-history":[{"count":1,"href":"https:\/\/www.egemtv.com\/index.php?rest_route=\/wp\/v2\/posts\/64242\/revisions"}],"predecessor-version":[{"id":64244,"href":"https:\/\/www.egemtv.com\/index.php?rest_route=\/wp\/v2\/posts\/64242\/revisions\/64244"}],"wp:featuredmedia":[{"embeddable":true,"href":"https:\/\/www.egemtv.com\/index.php?rest_route=\/wp\/v2\/media\/64243"}],"wp:attachment":[{"href":"https:\/\/www.egemtv.com\/index.php?rest_route=%2Fwp%2Fv2%2Fmedia&parent=64242"}],"wp:term":[{"taxonomy":"category","embeddable":true,"href":"https:\/\/www.egemtv.com\/index.php?rest_route=%2Fwp%2Fv2%2Fcategories&post=64242"},{"taxonomy":"post_tag","embeddable":true,"href":"https:\/\/www.egemtv.com\/index.php?rest_route=%2Fwp%2Fv2%2Ftags&post=64242"}],"curies":[{"name":"wp","href":"https:\/\/api.w.org\/{rel}","templated":true}]}}