{"id":64239,"date":"2025-10-28T09:57:03","date_gmt":"2025-10-28T06:57:03","guid":{"rendered":"https:\/\/www.egemtv.com\/?p=64239"},"modified":"2025-10-28T09:57:35","modified_gmt":"2025-10-28T06:57:35","slug":"aydinda-cumhuriyet-bayrami-spor-soleni","status":"publish","type":"post","link":"https:\/\/www.egemtv.com\/?p=64239","title":{"rendered":"Ayd\u0131n\u2019da Cumhuriyet Bayram\u0131 spor \u015f\u00f6leni"},"content":{"rendered":"<p>Cumhuriyetin 102\u2019nci y\u0131l\u0131 etkinlikleri kapsam\u0131nda Ayd\u0131n genelinde d\u00fczenlenen spor kar\u015f\u0131la\u015fmalar\u0131, gen\u00e7lerin kat\u0131l\u0131m\u0131yla d\u00fczenlendi.<\/p>\n<p>Ayd\u0131n Gen\u00e7lik ve Spor \u0130l M\u00fcd\u00fcrl\u00fc\u011f\u00fc taraf\u0131ndan organize edilen etkinliklerde kentin farkl\u0131 il\u00e7elerinde spor \u015f\u00f6leni ya\u015fand\u0131. Kuyucak il\u00e7esinde ger\u00e7ekle\u015ftirilen Cumhuriyet Kupas\u0131 Kros M\u00fcsabakalar\u0131na 8 okuldan yakla\u015f\u0131k 120 sporcu kat\u0131l\u0131rken, dereceye giren sporcular b\u00fcy\u00fck alk\u0131\u015f toplad\u0131. Cumhuriyet co\u015fkusunun sporla bulu\u015ftu\u011fu etkinlikler kapsam\u0131nda \u0130ncirliova\u2019da Hemsball Turnuvas\u0131, Didim\u2019de ise Boks M\u00fcsabakas\u0131 yap\u0131ld\u0131. Kar\u015f\u0131la\u015fmalarda gen\u00e7 sporcular\u0131n performanslar\u0131 renkli g\u00f6r\u00fcnt\u00fclere sahne oldu.<\/p>\n<p>Ayd\u0131n Gen\u00e7lik ve Spor \u0130l M\u00fcd\u00fcrl\u00fc\u011f\u00fc\u2019nden yap\u0131lan a\u00e7\u0131klamada, &#8220;Cumhuriyet Bayram\u0131 etkinlikleri kapsam\u0131nda ilimizde spor \u015f\u00f6leni ya\u015fand\u0131&#8221; ifadelerine yer verildi.<br \/><\/p>\n","protected":false},"excerpt":{"rendered":"<p>Cumhuriyetin 102\u2019nci y\u0131l\u0131 etkinlikleri kapsam\u0131nda Ayd\u0131n genelinde d\u00fczenlenen spor kar\u015f\u0131la\u015fmalar\u0131, gen\u00e7lerin kat\u0131l\u0131m\u0131yla d\u00fczenlendi. Ayd\u0131n Gen\u00e7lik ve Spor \u0130l M\u00fcd\u00fcrl\u00fc\u011f\u00fc taraf\u0131ndan organize edilen etkinliklerde kentin farkl\u0131 il\u00e7elerinde spor \u015f\u00f6leni ya\u015fand\u0131. Kuyucak il\u00e7esinde ger\u00e7ekle\u015ftirilen Cumhuriyet Kupas\u0131 Kros M\u00fcsabakalar\u0131na 8 okuldan yakla\u015f\u0131k 120 sporcu kat\u0131l\u0131rken, dereceye giren sporcular b\u00fcy\u00fck alk\u0131\u015f toplad\u0131. Cumhuriyet co\u015fkusunun sporla bulu\u015ftu\u011fu etkinlikler kapsam\u0131nda \u0130ncirliova\u2019da&#8230;<\/p>\n","protected":false},"author":1,"featured_media":64240,"comment_status":"open","ping_status":"open","sticky":false,"template":"","format":"standard","meta":{"_crdt_document":"","footnotes":""},"categories":[1],"tags":[],"class_list":["post-64239","post","type-post","status-publish","format-standard","has-post-thumbnail","hentry","category-guncel"],"_links":{"self":[{"href":"https:\/\/www.egemtv.com\/index.php?rest_route=\/wp\/v2\/posts\/64239","targetHints":{"allow":["GET"]}}],"collection":[{"href":"https:\/\/www.egemtv.com\/index.php?rest_route=\/wp\/v2\/posts"}],"about":[{"href":"https:\/\/www.egemtv.com\/index.php?rest_route=\/wp\/v2\/types\/post"}],"author":[{"embeddable":true,"href":"https:\/\/www.egemtv.com\/index.php?rest_route=\/wp\/v2\/users\/1"}],"replies":[{"embeddable":true,"href":"https:\/\/www.egemtv.com\/index.php?rest_route=%2Fwp%2Fv2%2Fcomments&post=64239"}],"version-history":[{"count":1,"href":"https:\/\/www.egemtv.com\/index.php?rest_route=\/wp\/v2\/posts\/64239\/revisions"}],"predecessor-version":[{"id":64241,"href":"https:\/\/www.egemtv.com\/index.php?rest_route=\/wp\/v2\/posts\/64239\/revisions\/64241"}],"wp:featuredmedia":[{"embeddable":true,"href":"https:\/\/www.egemtv.com\/index.php?rest_route=\/wp\/v2\/media\/64240"}],"wp:attachment":[{"href":"https:\/\/www.egemtv.com\/index.php?rest_route=%2Fwp%2Fv2%2Fmedia&parent=64239"}],"wp:term":[{"taxonomy":"category","embeddable":true,"href":"https:\/\/www.egemtv.com\/index.php?rest_route=%2Fwp%2Fv2%2Fcategories&post=64239"},{"taxonomy":"post_tag","embeddable":true,"href":"https:\/\/www.egemtv.com\/index.php?rest_route=%2Fwp%2Fv2%2Ftags&post=64239"}],"curies":[{"name":"wp","href":"https:\/\/api.w.org\/{rel}","templated":true}]}}