{"id":64236,"date":"2025-10-28T09:55:53","date_gmt":"2025-10-28T06:55:53","guid":{"rendered":"https:\/\/www.egemtv.com\/?p=64236"},"modified":"2025-10-28T09:56:30","modified_gmt":"2025-10-28T06:56:30","slug":"baskan-cercioglu-turkiyeyi-daha-aydinlik-yarinlara-tasimaya-devam-edecegiz","status":"publish","type":"post","link":"https:\/\/www.egemtv.com\/?p=64236","title":{"rendered":"Ba\u015fkan \u00c7er\u00e7io\u011flu: &#8220;T\u00fcrkiye\u2019yi daha ayd\u0131nl\u0131k yar\u0131nlara ta\u015f\u0131maya devam edece\u011fiz&#8221;"},"content":{"rendered":"<p>Ayd\u0131n B\u00fcy\u00fck\u015fehir Belediye Ba\u015fkan\u0131 \u00d6zlem \u00c7er\u00e7io\u011flu, Cumhuriyetin ilan\u0131n\u0131n 102. y\u0131l d\u00f6n\u00fcm\u00fc nedeniyle yay\u0131mlad\u0131\u011f\u0131 mesaj\u0131nda, &#8221; Birlik ve beraberlik i\u00e7inde, karde\u015fli\u011fimizi ve dayan\u0131\u015fmam\u0131z\u0131 g\u00fc\u00e7lendirerek T\u00fcrkiye\u2019yi daha ayd\u0131nl\u0131k yar\u0131nlara ta\u015f\u0131maya devam edece\u011fiz&#8221; dedi.<\/p>\n<p>Ba\u015fkan \u00c7er\u00e7io\u011flu mesaj\u0131nda, &#8220;Gazi Mustafa Kemal Atat\u00fcrk\u2019\u00fcn \u00f6nderli\u011finde, milletimizin inan\u00e7, azim ve kararl\u0131l\u0131\u011f\u0131yla kurulan T\u00fcrkiye Cumhuriyeti\u2019nin 102. y\u0131l d\u00f6n\u00fcm\u00fcn\u00fc b\u00fcy\u00fck bir gurur ve co\u015fkuyla kutluyoruz. Cumhuriyetimiz, bu aziz milletin ba\u011f\u0131ms\u0131zl\u0131k ve \u00f6zg\u00fcrl\u00fck yolunda verdi\u011fi m\u00fccadelenin en k\u0131ymetli eseridir. Ba\u011f\u0131ms\u0131zl\u0131k u\u011fruna her t\u00fcrl\u00fc zorlu\u011fa g\u00f6\u011f\u00fcs geren milletimiz, Cumhuriyet ile birlikte kendi gelece\u011fini kendi tayin etme iradesini ortaya koymu\u015ftur. Bug\u00fcn bizlere d\u00fc\u015fen g\u00f6rev; Atat\u00fcrk\u2019\u00fcn a\u00e7t\u0131\u011f\u0131 yolda, g\u00f6sterdi\u011fi hedef do\u011frultusunda \u00e7al\u0131\u015fmak, bu emaneti her \u015fartta korumak ve gelece\u011fe daha g\u00fc\u00e7l\u00fc bir \u015fekilde ta\u015f\u0131makt\u0131r. &#8220;Egemenlik, kay\u0131ts\u0131z \u015farts\u0131z milletindir&#8221; anlay\u0131\u015f\u0131yla kurulan Cumhuriyetimizi ya\u015fatmak, \u00fclkemizi her alanda daha ileriye ta\u015f\u0131mak, milletimizin refah\u0131 ve huzuru i\u00e7in y\u0131lmadan \u00fcretmek en b\u00fcy\u00fck sorumlulu\u011fumuzdur. Birlik ve beraberlik i\u00e7inde, karde\u015fli\u011fimizi ve dayan\u0131\u015fmam\u0131z\u0131 g\u00fc\u00e7lendirerek T\u00fcrkiye\u2019yi daha ayd\u0131nl\u0131k yar\u0131nlara ta\u015f\u0131maya devam edece\u011fiz. Bu duygularla, Cumhuriyetimizin 102. kurulu\u015f y\u0131l d\u00f6n\u00fcm\u00fcnde ba\u015fta Gazi Mustafa Kemal Atat\u00fcrk ve silah arkada\u015flar\u0131 olmak \u00fczere, aziz \u015fehitlerimizi ve kahraman gazilerimizi rahmet, minnet ve \u015f\u00fckranla an\u0131yor; t\u00fcm Ayd\u0131nl\u0131lar\u0131n ve aziz milletimizin 29 Ekim Cumhuriyet Bayram\u0131\u2019n\u0131 en i\u00e7ten dileklerimle kutluyorum&#8221; dedi.<br \/><\/p>\n","protected":false},"excerpt":{"rendered":"<p>Ayd\u0131n B\u00fcy\u00fck\u015fehir Belediye Ba\u015fkan\u0131 \u00d6zlem \u00c7er\u00e7io\u011flu, Cumhuriyetin ilan\u0131n\u0131n 102. y\u0131l d\u00f6n\u00fcm\u00fc nedeniyle yay\u0131mlad\u0131\u011f\u0131 mesaj\u0131nda, &#8221; Birlik ve beraberlik i\u00e7inde, karde\u015fli\u011fimizi ve dayan\u0131\u015fmam\u0131z\u0131 g\u00fc\u00e7lendirerek T\u00fcrkiye\u2019yi daha ayd\u0131nl\u0131k yar\u0131nlara ta\u015f\u0131maya devam edece\u011fiz&#8221; dedi. Ba\u015fkan \u00c7er\u00e7io\u011flu mesaj\u0131nda, &#8220;Gazi Mustafa Kemal Atat\u00fcrk\u2019\u00fcn \u00f6nderli\u011finde, milletimizin inan\u00e7, azim ve kararl\u0131l\u0131\u011f\u0131yla kurulan T\u00fcrkiye Cumhuriyeti\u2019nin 102. y\u0131l d\u00f6n\u00fcm\u00fcn\u00fc b\u00fcy\u00fck bir gurur ve co\u015fkuyla&#8230;<\/p>\n","protected":false},"author":1,"featured_media":64237,"comment_status":"open","ping_status":"open","sticky":false,"template":"","format":"standard","meta":{"_crdt_document":"","footnotes":""},"categories":[1],"tags":[],"class_list":["post-64236","post","type-post","status-publish","format-standard","has-post-thumbnail","hentry","category-guncel"],"_links":{"self":[{"href":"https:\/\/www.egemtv.com\/index.php?rest_route=\/wp\/v2\/posts\/64236","targetHints":{"allow":["GET"]}}],"collection":[{"href":"https:\/\/www.egemtv.com\/index.php?rest_route=\/wp\/v2\/posts"}],"about":[{"href":"https:\/\/www.egemtv.com\/index.php?rest_route=\/wp\/v2\/types\/post"}],"author":[{"embeddable":true,"href":"https:\/\/www.egemtv.com\/index.php?rest_route=\/wp\/v2\/users\/1"}],"replies":[{"embeddable":true,"href":"https:\/\/www.egemtv.com\/index.php?rest_route=%2Fwp%2Fv2%2Fcomments&post=64236"}],"version-history":[{"count":1,"href":"https:\/\/www.egemtv.com\/index.php?rest_route=\/wp\/v2\/posts\/64236\/revisions"}],"predecessor-version":[{"id":64238,"href":"https:\/\/www.egemtv.com\/index.php?rest_route=\/wp\/v2\/posts\/64236\/revisions\/64238"}],"wp:featuredmedia":[{"embeddable":true,"href":"https:\/\/www.egemtv.com\/index.php?rest_route=\/wp\/v2\/media\/64237"}],"wp:attachment":[{"href":"https:\/\/www.egemtv.com\/index.php?rest_route=%2Fwp%2Fv2%2Fmedia&parent=64236"}],"wp:term":[{"taxonomy":"category","embeddable":true,"href":"https:\/\/www.egemtv.com\/index.php?rest_route=%2Fwp%2Fv2%2Fcategories&post=64236"},{"taxonomy":"post_tag","embeddable":true,"href":"https:\/\/www.egemtv.com\/index.php?rest_route=%2Fwp%2Fv2%2Ftags&post=64236"}],"curies":[{"name":"wp","href":"https:\/\/api.w.org\/{rel}","templated":true}]}}