{"id":64233,"date":"2025-10-28T09:35:41","date_gmt":"2025-10-28T06:35:41","guid":{"rendered":"https:\/\/www.egemtv.com\/?p=64233"},"modified":"2025-10-28T09:35:44","modified_gmt":"2025-10-28T06:35:44","slug":"kutahyada-iyilikte-yarisan-siniflar-projesi-bilgilendirme-ve-odul-programi","status":"publish","type":"post","link":"https:\/\/www.egemtv.com\/?p=64233","title":{"rendered":"K\u00fctahya\u2019da &#8220;\u0130yilikte Yar\u0131\u015fan S\u0131n\u0131flar&#8221; projesi bilgilendirme ve \u00f6d\u00fcl program\u0131"},"content":{"rendered":"<p>K\u00fctahya \u0130l Milli E\u011fitim M\u00fcd\u00fcrl\u00fc\u011f\u00fcnce &#8220;\u0130yilikte Yar\u0131\u015fan S\u0131n\u0131flar&#8221; projesi kapsam\u0131nda bilgilendirme ve \u00f6d\u00fcl program\u0131 ger\u00e7ekle\u015ftirildi.<br \/>\n<br \/>\u0130l Milli E\u011fitim M\u00fcd\u00fcrl\u00fc\u011f\u00fc Beylerbeyi Salonundaki programa \u0130l Milli E\u011fitim M\u00fcd\u00fcr\u00fc Mustafa Y\u0131lmaz, K\u00fctahya \u0130HH \u0130l Ba\u015fkan\u0131 Mustafa Yenipazar, proje kapsam\u0131nda g\u00f6rev alan okul m\u00fcd\u00fcrleri ve koordinat\u00f6r \u00f6\u011fretmenler kat\u0131ld\u0131.<br \/>\n<br \/>Programda konu\u015fan \u0130l Milli E\u011fitim M\u00fcd\u00fcr\u00fc Mustafa Y\u0131lmaz, projenin \u00f6\u011frencilerde empati, yard\u0131mla\u015fma ve sorumluluk bilincini g\u00fc\u00e7lendiren \u00f6nemli bir sosyal fark\u0131ndal\u0131k \u00e7al\u0131\u015fmas\u0131 oldu\u011funu vurgulad\u0131. M\u00fcd\u00fcr Mustafa Y\u0131lmaz, &#8220;Rabbimiz bize ka\u00e7 evlat verdiyse o kadar yetim sahiplenelim. Vermenin zirvesi, samimiyette gizlidir. K\u00fctahya olarak bu y\u0131l da iyilikte \u00f6nc\u00fc olaca\u011f\u0131z&#8221; ifadelerini kulland\u0131.<br \/>\n<br \/>Programda K\u00fctahya \u0130HH \u0130l Ba\u015fkan\u0131 Mustafa Yenipazar ve \u0130HH Yetim \u00c7al\u0131\u015fmalar\u0131 Koordinat\u00f6r\u00fc Muhammed Talha Bekrio\u011flu, projenin amac\u0131 ve y\u00fcr\u00fct\u00fclme s\u00fcreci hakk\u0131nda bilgi verdiler. Konu\u015fmalarda, projenin \u00f6\u011frencilerde fark\u0131ndal\u0131k olu\u015fturdu\u011funa, g\u00f6n\u00fcll\u00fc \u00f6\u011fretmenlerin \u00f6zverili \u00e7al\u0131\u015fmalar\u0131yla her ge\u00e7en g\u00fcn daha geni\u015f bir kitleye ula\u015ft\u0131\u011f\u0131na dikkat \u00e7ekildi.<br \/>\n<br \/>Program\u0131n sonunda, proje kapsam\u0131nda il genelinde dereceye giren okullara \u00f6d\u00fcl ve belgeleri protokol taraf\u0131ndan takdim edildi. Kat\u0131l\u0131mc\u0131lar, projenin \u00f6\u011frencilerde yard\u0131mla\u015fma ve payla\u015fma bilincini g\u00fc\u00e7lendirdi\u011fini, \u00f6\u011fretmen ve okul y\u00f6neticilerinin bu s\u00fcre\u00e7te g\u00f6n\u00fcll\u00fcl\u00fck esas\u0131yla \u00f6nemli bir rol \u00fcstlendi\u011fini ifade ettiler.<br \/>\n<br \/>Program, koordinat\u00f6r \u00f6\u011fretmenlerin ve okul y\u00f6neticilerinin tecr\u00fcbe payla\u015f\u0131mlar\u0131yla sona erdi. Kat\u0131l\u0131mc\u0131lar, \u00f6\u011frencilerde vicdan, merhamet ve sosyal duyarl\u0131l\u0131k bilincinin geli\u015ftirilmesinde projenin \u00f6nemli katk\u0131 sa\u011flad\u0131\u011f\u0131n\u0131 belirterek, eme\u011fi ge\u00e7en herkese te\u015fekk\u00fcr ettiler.<br \/><\/p>\n","protected":false},"excerpt":{"rendered":"<p>K\u00fctahya \u0130l Milli E\u011fitim M\u00fcd\u00fcrl\u00fc\u011f\u00fcnce &#8220;\u0130yilikte Yar\u0131\u015fan S\u0131n\u0131flar&#8221; projesi kapsam\u0131nda bilgilendirme ve \u00f6d\u00fcl program\u0131 ger\u00e7ekle\u015ftirildi. \u0130l Milli E\u011fitim M\u00fcd\u00fcrl\u00fc\u011f\u00fc Beylerbeyi Salonundaki programa \u0130l Milli E\u011fitim M\u00fcd\u00fcr\u00fc Mustafa Y\u0131lmaz, K\u00fctahya \u0130HH \u0130l Ba\u015fkan\u0131 Mustafa Yenipazar, proje kapsam\u0131nda g\u00f6rev alan okul m\u00fcd\u00fcrleri ve koordinat\u00f6r \u00f6\u011fretmenler kat\u0131ld\u0131. Programda konu\u015fan \u0130l Milli E\u011fitim M\u00fcd\u00fcr\u00fc Mustafa Y\u0131lmaz, projenin \u00f6\u011frencilerde empati,&#8230;<\/p>\n","protected":false},"author":1,"featured_media":64234,"comment_status":"open","ping_status":"open","sticky":false,"template":"","format":"standard","meta":{"_crdt_document":"","footnotes":""},"categories":[1],"tags":[],"class_list":["post-64233","post","type-post","status-publish","format-standard","has-post-thumbnail","hentry","category-guncel"],"_links":{"self":[{"href":"https:\/\/www.egemtv.com\/index.php?rest_route=\/wp\/v2\/posts\/64233","targetHints":{"allow":["GET"]}}],"collection":[{"href":"https:\/\/www.egemtv.com\/index.php?rest_route=\/wp\/v2\/posts"}],"about":[{"href":"https:\/\/www.egemtv.com\/index.php?rest_route=\/wp\/v2\/types\/post"}],"author":[{"embeddable":true,"href":"https:\/\/www.egemtv.com\/index.php?rest_route=\/wp\/v2\/users\/1"}],"replies":[{"embeddable":true,"href":"https:\/\/www.egemtv.com\/index.php?rest_route=%2Fwp%2Fv2%2Fcomments&post=64233"}],"version-history":[{"count":1,"href":"https:\/\/www.egemtv.com\/index.php?rest_route=\/wp\/v2\/posts\/64233\/revisions"}],"predecessor-version":[{"id":64235,"href":"https:\/\/www.egemtv.com\/index.php?rest_route=\/wp\/v2\/posts\/64233\/revisions\/64235"}],"wp:featuredmedia":[{"embeddable":true,"href":"https:\/\/www.egemtv.com\/index.php?rest_route=\/wp\/v2\/media\/64234"}],"wp:attachment":[{"href":"https:\/\/www.egemtv.com\/index.php?rest_route=%2Fwp%2Fv2%2Fmedia&parent=64233"}],"wp:term":[{"taxonomy":"category","embeddable":true,"href":"https:\/\/www.egemtv.com\/index.php?rest_route=%2Fwp%2Fv2%2Fcategories&post=64233"},{"taxonomy":"post_tag","embeddable":true,"href":"https:\/\/www.egemtv.com\/index.php?rest_route=%2Fwp%2Fv2%2Ftags&post=64233"}],"curies":[{"name":"wp","href":"https:\/\/api.w.org\/{rel}","templated":true}]}}