{"id":64230,"date":"2025-10-28T09:35:27","date_gmt":"2025-10-28T06:35:27","guid":{"rendered":"https:\/\/www.egemtv.com\/?p=64230"},"modified":"2025-10-28T09:35:37","modified_gmt":"2025-10-28T06:35:37","slug":"kutahya-sehit-selim-cansiz-aihlde-motivasyon-semineri","status":"publish","type":"post","link":"https:\/\/www.egemtv.com\/?p=64230","title":{"rendered":"K\u00fctahya \u015eehit Selim Cans\u0131z A\u0130HL\u2019de motivasyon semineri"},"content":{"rendered":"<p>K\u00fctahya \u015eehit Selim Cans\u0131z Anadolu \u0130mam Hatip Lisesinde 8 ve 12. s\u0131n\u0131f \u00f6\u011frencilerine y\u00f6nelik &#8220;Verimli Ders \u00c7al\u0131\u015fma Y\u00f6ntemleri, Zaman Y\u00f6netimi ve Motivasyon&#8221; konular\u0131nda seminer d\u00fczenlendi.<br \/>\n<br \/>\u015eehit Selim Cans\u0131z Anadolu \u0130mam Hatip Lisesi Psikolojik Dan\u0131\u015fman\u0131 ve Rehber \u00d6\u011fretmeni Esra K\u00f6se taraf\u0131ndan 8 ve 12. S\u0131n\u0131f \u00f6\u011frencilerinin s\u0131nav s\u00fcrecinde daha planl\u0131, motive ve verimli \u00e7al\u0131\u015fabilmelerine imkan sa\u011flamak amac\u0131yla verilen &#8220;Verimli Ders \u00c7al\u0131\u015fma Y\u00f6ntemleri, Zaman Y\u00f6netimi ve Motivasyon&#8221; konulu seminer \u00f6\u011frenciler taraf\u0131ndan ilgiyle takip edildi.<br \/><\/p>\n","protected":false},"excerpt":{"rendered":"<p>K\u00fctahya \u015eehit Selim Cans\u0131z Anadolu \u0130mam Hatip Lisesinde 8 ve 12. s\u0131n\u0131f \u00f6\u011frencilerine y\u00f6nelik &#8220;Verimli Ders \u00c7al\u0131\u015fma Y\u00f6ntemleri, Zaman Y\u00f6netimi ve Motivasyon&#8221; konular\u0131nda seminer d\u00fczenlendi. \u015eehit Selim Cans\u0131z Anadolu \u0130mam Hatip Lisesi Psikolojik Dan\u0131\u015fman\u0131 ve Rehber \u00d6\u011fretmeni Esra K\u00f6se taraf\u0131ndan 8 ve 12. S\u0131n\u0131f \u00f6\u011frencilerinin s\u0131nav s\u00fcrecinde daha planl\u0131, motive ve verimli \u00e7al\u0131\u015fabilmelerine imkan sa\u011flamak&#8230;<\/p>\n","protected":false},"author":1,"featured_media":64231,"comment_status":"open","ping_status":"open","sticky":false,"template":"","format":"standard","meta":{"_crdt_document":"","footnotes":""},"categories":[123],"tags":[],"class_list":["post-64230","post","type-post","status-publish","format-standard","has-post-thumbnail","hentry","category-gundem"],"_links":{"self":[{"href":"https:\/\/www.egemtv.com\/index.php?rest_route=\/wp\/v2\/posts\/64230","targetHints":{"allow":["GET"]}}],"collection":[{"href":"https:\/\/www.egemtv.com\/index.php?rest_route=\/wp\/v2\/posts"}],"about":[{"href":"https:\/\/www.egemtv.com\/index.php?rest_route=\/wp\/v2\/types\/post"}],"author":[{"embeddable":true,"href":"https:\/\/www.egemtv.com\/index.php?rest_route=\/wp\/v2\/users\/1"}],"replies":[{"embeddable":true,"href":"https:\/\/www.egemtv.com\/index.php?rest_route=%2Fwp%2Fv2%2Fcomments&post=64230"}],"version-history":[{"count":1,"href":"https:\/\/www.egemtv.com\/index.php?rest_route=\/wp\/v2\/posts\/64230\/revisions"}],"predecessor-version":[{"id":64232,"href":"https:\/\/www.egemtv.com\/index.php?rest_route=\/wp\/v2\/posts\/64230\/revisions\/64232"}],"wp:featuredmedia":[{"embeddable":true,"href":"https:\/\/www.egemtv.com\/index.php?rest_route=\/wp\/v2\/media\/64231"}],"wp:attachment":[{"href":"https:\/\/www.egemtv.com\/index.php?rest_route=%2Fwp%2Fv2%2Fmedia&parent=64230"}],"wp:term":[{"taxonomy":"category","embeddable":true,"href":"https:\/\/www.egemtv.com\/index.php?rest_route=%2Fwp%2Fv2%2Fcategories&post=64230"},{"taxonomy":"post_tag","embeddable":true,"href":"https:\/\/www.egemtv.com\/index.php?rest_route=%2Fwp%2Fv2%2Ftags&post=64230"}],"curies":[{"name":"wp","href":"https:\/\/api.w.org\/{rel}","templated":true}]}}