{"id":64212,"date":"2025-10-28T00:54:32","date_gmt":"2025-10-27T21:54:32","guid":{"rendered":"https:\/\/www.egemtv.com\/?p=64212"},"modified":"2025-10-28T00:54:38","modified_gmt":"2025-10-27T21:54:38","slug":"depremde-gordeste-bir-evin-tavani-coktu","status":"publish","type":"post","link":"https:\/\/www.egemtv.com\/?p=64212","title":{"rendered":"Depremde G\u00f6rdes\u2019te bir evin tavan\u0131 \u00e7\u00f6kt\u00fc"},"content":{"rendered":"<p>MAN\u0130SA (\u0130HA) \u2013 Bal\u0131kesir\u2019in S\u0131nd\u0131rg\u0131 il\u00e7esinde meydana gelen 6.1 b\u00fcy\u00fckl\u00fc\u011f\u00fcndeki deprem Manisa\u2019da da hissedilirken, G\u00f6rdes il\u00e7esine ba\u011fl\u0131 O\u011fulduruk Mahallesi\u2019nde bir evde hasar meydana geldi.<br \/>\n<br \/>Edinilen bilgiye g\u00f6re, deprem s\u0131ras\u0131nda O\u011fulduruk Mahallesi\u2019nde ya\u015fayan \u00d6zcan Boran\u2019a ait tek katl\u0131 evin bir odas\u0131n\u0131n tavan\u0131 \u00e7\u00f6kt\u00fc. Evde bulunan vatanda\u015flar b\u00fcy\u00fck panik ya\u015farken, \u015fans eseri yaralanan olmad\u0131. Sars\u0131nt\u0131n\u0131n ard\u0131ndan evin baz\u0131 duvarlar\u0131nda da derin \u00e7atlaklar olu\u015ftu. Durumun bildirilmesi \u00fczerine b\u00f6lgeye AFAD ve jandarma ekipleri sevk edildi. Yetkililer, b\u00f6lgede olabilecek art\u00e7\u0131 sars\u0131nt\u0131lara kar\u015f\u0131 vatanda\u015flar\u0131 hasarl\u0131 yap\u0131lardan uzak durmalar\u0131 konusunda uyard\u0131.<br \/><\/p>\n","protected":false},"excerpt":{"rendered":"<p>MAN\u0130SA (\u0130HA) \u2013 Bal\u0131kesir\u2019in S\u0131nd\u0131rg\u0131 il\u00e7esinde meydana gelen 6.1 b\u00fcy\u00fckl\u00fc\u011f\u00fcndeki deprem Manisa\u2019da da hissedilirken, G\u00f6rdes il\u00e7esine ba\u011fl\u0131 O\u011fulduruk Mahallesi\u2019nde bir evde hasar meydana geldi. Edinilen bilgiye g\u00f6re, deprem s\u0131ras\u0131nda O\u011fulduruk Mahallesi\u2019nde ya\u015fayan \u00d6zcan Boran\u2019a ait tek katl\u0131 evin bir odas\u0131n\u0131n tavan\u0131 \u00e7\u00f6kt\u00fc. Evde bulunan vatanda\u015flar b\u00fcy\u00fck panik ya\u015farken, \u015fans eseri yaralanan olmad\u0131. Sars\u0131nt\u0131n\u0131n ard\u0131ndan evin&#8230;<\/p>\n","protected":false},"author":1,"featured_media":64213,"comment_status":"open","ping_status":"open","sticky":false,"template":"","format":"standard","meta":{"_crdt_document":"","footnotes":""},"categories":[5],"tags":[],"class_list":["post-64212","post","type-post","status-publish","format-standard","has-post-thumbnail","hentry","category-asayis"],"_links":{"self":[{"href":"https:\/\/www.egemtv.com\/index.php?rest_route=\/wp\/v2\/posts\/64212","targetHints":{"allow":["GET"]}}],"collection":[{"href":"https:\/\/www.egemtv.com\/index.php?rest_route=\/wp\/v2\/posts"}],"about":[{"href":"https:\/\/www.egemtv.com\/index.php?rest_route=\/wp\/v2\/types\/post"}],"author":[{"embeddable":true,"href":"https:\/\/www.egemtv.com\/index.php?rest_route=\/wp\/v2\/users\/1"}],"replies":[{"embeddable":true,"href":"https:\/\/www.egemtv.com\/index.php?rest_route=%2Fwp%2Fv2%2Fcomments&post=64212"}],"version-history":[{"count":1,"href":"https:\/\/www.egemtv.com\/index.php?rest_route=\/wp\/v2\/posts\/64212\/revisions"}],"predecessor-version":[{"id":64214,"href":"https:\/\/www.egemtv.com\/index.php?rest_route=\/wp\/v2\/posts\/64212\/revisions\/64214"}],"wp:featuredmedia":[{"embeddable":true,"href":"https:\/\/www.egemtv.com\/index.php?rest_route=\/wp\/v2\/media\/64213"}],"wp:attachment":[{"href":"https:\/\/www.egemtv.com\/index.php?rest_route=%2Fwp%2Fv2%2Fmedia&parent=64212"}],"wp:term":[{"taxonomy":"category","embeddable":true,"href":"https:\/\/www.egemtv.com\/index.php?rest_route=%2Fwp%2Fv2%2Fcategories&post=64212"},{"taxonomy":"post_tag","embeddable":true,"href":"https:\/\/www.egemtv.com\/index.php?rest_route=%2Fwp%2Fv2%2Ftags&post=64212"}],"curies":[{"name":"wp","href":"https:\/\/api.w.org\/{rel}","templated":true}]}}