{"id":64209,"date":"2025-10-28T00:35:52","date_gmt":"2025-10-27T21:35:52","guid":{"rendered":"https:\/\/www.egemtv.com\/?p=64209"},"modified":"2025-10-28T00:35:54","modified_gmt":"2025-10-27T21:35:54","slug":"balikesirdeki-deprem-manisada-da-hissedildi-vatandaslar-sokaklara-dokuldu","status":"publish","type":"post","link":"https:\/\/www.egemtv.com\/?p=64209","title":{"rendered":"Bal\u0131kesir\u2019deki deprem Manisa\u2019da da hissedildi, vatanda\u015flar sokaklara d\u00f6k\u00fcld\u00fc"},"content":{"rendered":"<p>MAN\u0130SA (\u0130HA) \u2013 Bal\u0131kesir\u2019in S\u0131nd\u0131rg\u0131 il\u00e7esinde saat 22.48\u2019de meydana gelen 6.1 b\u00fcy\u00fckl\u00fc\u011f\u00fcndeki deprem Manisa\u2019da da hissedildi.<br \/>\n<br \/>Afet ve Acil Durum Y\u00f6netimi Ba\u015fkanl\u0131\u011f\u0131 (AFAD) verilerine g\u00f6re, merkez \u00fcss\u00fc S\u0131nd\u0131rg\u0131 olan 6.1 b\u00fcy\u00fckl\u00fc\u011f\u00fcndeki depremin derinli\u011fi 5.99 kilometre olarak a\u00e7\u0131kland\u0131. Sars\u0131nt\u0131 ba\u015fta Manisa merkez ve il\u00e7eleri olmak \u00fczere \u00e7evre illerde de hissedildi. Depremi hisseden Manisal\u0131lar b\u00fcy\u00fck panik ya\u015fad\u0131. \u015eehrin bir\u00e7ok noktas\u0131nda vatanda\u015flar evlerini terk ederek a\u00e7\u0131k alanlara \u00e7\u0131kt\u0131. Kimi vatanda\u015flar battaniyelerini al\u0131p duraklarda beklerken, kimileri ise kald\u0131r\u0131mlarda oturdu. \u00d6te yandan deprem an\u0131 g\u00fcvenlik kameralar\u0131na da saniye saniye yans\u0131d\u0131. G\u00f6r\u00fcnt\u00fclerde, sars\u0131nt\u0131 s\u0131ras\u0131nda vatanda\u015flar\u0131n panikle d\u0131\u015far\u0131ya ko\u015ftu\u011fu anlar dikkat \u00e7ekti.<br \/>\n<br \/>Manisa Valili\u011fi\u2019nden depremle ilgili yap\u0131lan a\u00e7\u0131klamada, &#8220;Bal\u0131kesir\u2019in S\u0131nd\u0131rg\u0131 il\u00e7esinde meydana gelen ve ilimizden de hissedilen 6.1 b\u00fcy\u00fckl\u00fc\u011f\u00fcnde deprem ger\u00e7ekle\u015fmi\u015ftir. Deprem sonras\u0131 Valili\u011fimiz Kriz Merkezi koordinasyonunda ekiplerimiz h\u0131zl\u0131ca saha tarama \u00e7al\u0131\u015fmalar\u0131na ba\u015flam\u0131\u015ft\u0131r. T\u00fcm vatanda\u015flar\u0131m\u0131za ge\u00e7mi\u015f olsun dileklerimizi iletiyoruz&#8221; ifadelerine yer verildi.<br \/><\/p>\n","protected":false},"excerpt":{"rendered":"<p>MAN\u0130SA (\u0130HA) \u2013 Bal\u0131kesir\u2019in S\u0131nd\u0131rg\u0131 il\u00e7esinde saat 22.48\u2019de meydana gelen 6.1 b\u00fcy\u00fckl\u00fc\u011f\u00fcndeki deprem Manisa\u2019da da hissedildi. Afet ve Acil Durum Y\u00f6netimi Ba\u015fkanl\u0131\u011f\u0131 (AFAD) verilerine g\u00f6re, merkez \u00fcss\u00fc S\u0131nd\u0131rg\u0131 olan 6.1 b\u00fcy\u00fckl\u00fc\u011f\u00fcndeki depremin derinli\u011fi 5.99 kilometre olarak a\u00e7\u0131kland\u0131. Sars\u0131nt\u0131 ba\u015fta Manisa merkez ve il\u00e7eleri olmak \u00fczere \u00e7evre illerde de hissedildi. Depremi hisseden Manisal\u0131lar b\u00fcy\u00fck panik ya\u015fad\u0131&#8230;.<\/p>\n","protected":false},"author":1,"featured_media":64210,"comment_status":"open","ping_status":"open","sticky":false,"template":"","format":"standard","meta":{"_crdt_document":"","footnotes":""},"categories":[1],"tags":[],"class_list":["post-64209","post","type-post","status-publish","format-standard","has-post-thumbnail","hentry","category-guncel"],"_links":{"self":[{"href":"https:\/\/www.egemtv.com\/index.php?rest_route=\/wp\/v2\/posts\/64209","targetHints":{"allow":["GET"]}}],"collection":[{"href":"https:\/\/www.egemtv.com\/index.php?rest_route=\/wp\/v2\/posts"}],"about":[{"href":"https:\/\/www.egemtv.com\/index.php?rest_route=\/wp\/v2\/types\/post"}],"author":[{"embeddable":true,"href":"https:\/\/www.egemtv.com\/index.php?rest_route=\/wp\/v2\/users\/1"}],"replies":[{"embeddable":true,"href":"https:\/\/www.egemtv.com\/index.php?rest_route=%2Fwp%2Fv2%2Fcomments&post=64209"}],"version-history":[{"count":1,"href":"https:\/\/www.egemtv.com\/index.php?rest_route=\/wp\/v2\/posts\/64209\/revisions"}],"predecessor-version":[{"id":64211,"href":"https:\/\/www.egemtv.com\/index.php?rest_route=\/wp\/v2\/posts\/64209\/revisions\/64211"}],"wp:featuredmedia":[{"embeddable":true,"href":"https:\/\/www.egemtv.com\/index.php?rest_route=\/wp\/v2\/media\/64210"}],"wp:attachment":[{"href":"https:\/\/www.egemtv.com\/index.php?rest_route=%2Fwp%2Fv2%2Fmedia&parent=64209"}],"wp:term":[{"taxonomy":"category","embeddable":true,"href":"https:\/\/www.egemtv.com\/index.php?rest_route=%2Fwp%2Fv2%2Fcategories&post=64209"},{"taxonomy":"post_tag","embeddable":true,"href":"https:\/\/www.egemtv.com\/index.php?rest_route=%2Fwp%2Fv2%2Ftags&post=64209"}],"curies":[{"name":"wp","href":"https:\/\/api.w.org\/{rel}","templated":true}]}}