{"id":64206,"date":"2025-10-28T00:14:40","date_gmt":"2025-10-27T21:14:40","guid":{"rendered":"https:\/\/www.egemtv.com\/?p=64206"},"modified":"2025-10-28T00:14:43","modified_gmt":"2025-10-27T21:14:43","slug":"kutahyada-87-yasindaki-kadin-ormanda-kayboldu","status":"publish","type":"post","link":"https:\/\/www.egemtv.com\/?p=64206","title":{"rendered":"K\u00fctahya\u2019da 87 ya\u015f\u0131ndaki kad\u0131n ormanda kayboldu"},"content":{"rendered":"<p>K\u00fctahya merkeze ba\u011fl\u0131 Karaa\u011fa\u00e7 k\u00f6y\u00fcnde ku\u015fburnu toplamak i\u00e7in ormanl\u0131k alana giden 87 ya\u015f\u0131ndaki kad\u0131ndan haber al\u0131nam\u0131yor.<br \/>\n<br \/>Edinilen bilgiye g\u00f6re, Karaa\u011fa\u00e7 k\u00f6y\u00fcnde ak\u015fam saatlerindeku\u015fburnu toplamak i\u00e7in ormanl\u0131k alana giden 87 ya\u015f\u0131ndaki kad\u0131ndan<br \/>\n<br \/>Havan\u0131n kararmas\u0131yla birlikte kendisine ula\u015f\u0131lamayan Co\u015fkun i\u00e7in k\u00f6y muhtar\u0131 Mehmet Erol \u00f6nc\u00fcl\u00fc\u011f\u00fcnde k\u00f6yl\u00fcler, jandarma ve AKUT ekipleri arama \u00e7al\u0131\u015fmas\u0131 ba\u015flatt\u0131. Ancak gece boyunca yap\u0131lan aramalardan herhangi bir sonu\u00e7 al\u0131namad\u0131.<br \/>\n<br \/>Muhtar Erol, sabah saat 07.30\u2019da arama \u00e7al\u0131\u015fmalar\u0131n\u0131n yeniden ba\u015flayaca\u011f\u0131n\u0131 belirterek, sivil toplum kurulu\u015flar\u0131, motosiklet gruplar\u0131 (\u00f6zellikle off-road ekipleri), 4&#215;4 ara\u00e7 sahipleri ve b\u00f6lgeyi iyi tan\u0131yan avc\u0131lar\u0131 arama \u00e7al\u0131\u015fmalar\u0131na destek vermeye \u00e7a\u011f\u0131rd\u0131.<br \/>\n<br \/>Erol, yapt\u0131\u011f\u0131 a\u00e7\u0131klamada, &#8220;En b\u00fcy\u00fck s\u0131k\u0131nt\u0131m\u0131z b\u00f6lgede ay\u0131 tehlikesinin bulunmas\u0131. Rabbim yard\u0131mc\u0131m\u0131z olsun, \u00e7ok \u00fczg\u00fcn\u00fcz. Herkesi duyarl\u0131 olmaya davet ediyorum&#8221; ifadelerini kulland\u0131.<br \/><\/p>\n","protected":false},"excerpt":{"rendered":"<p>K\u00fctahya merkeze ba\u011fl\u0131 Karaa\u011fa\u00e7 k\u00f6y\u00fcnde ku\u015fburnu toplamak i\u00e7in ormanl\u0131k alana giden 87 ya\u015f\u0131ndaki kad\u0131ndan haber al\u0131nam\u0131yor. Edinilen bilgiye g\u00f6re, Karaa\u011fa\u00e7 k\u00f6y\u00fcnde ak\u015fam saatlerindeku\u015fburnu toplamak i\u00e7in ormanl\u0131k alana giden 87 ya\u015f\u0131ndaki kad\u0131ndan Havan\u0131n kararmas\u0131yla birlikte kendisine ula\u015f\u0131lamayan Co\u015fkun i\u00e7in k\u00f6y muhtar\u0131 Mehmet Erol \u00f6nc\u00fcl\u00fc\u011f\u00fcnde k\u00f6yl\u00fcler, jandarma ve AKUT ekipleri arama \u00e7al\u0131\u015fmas\u0131 ba\u015flatt\u0131. Ancak gece boyunca yap\u0131lan&#8230;<\/p>\n","protected":false},"author":1,"featured_media":64207,"comment_status":"open","ping_status":"open","sticky":false,"template":"","format":"standard","meta":{"_crdt_document":"","footnotes":""},"categories":[5],"tags":[],"class_list":["post-64206","post","type-post","status-publish","format-standard","has-post-thumbnail","hentry","category-asayis"],"_links":{"self":[{"href":"https:\/\/www.egemtv.com\/index.php?rest_route=\/wp\/v2\/posts\/64206","targetHints":{"allow":["GET"]}}],"collection":[{"href":"https:\/\/www.egemtv.com\/index.php?rest_route=\/wp\/v2\/posts"}],"about":[{"href":"https:\/\/www.egemtv.com\/index.php?rest_route=\/wp\/v2\/types\/post"}],"author":[{"embeddable":true,"href":"https:\/\/www.egemtv.com\/index.php?rest_route=\/wp\/v2\/users\/1"}],"replies":[{"embeddable":true,"href":"https:\/\/www.egemtv.com\/index.php?rest_route=%2Fwp%2Fv2%2Fcomments&post=64206"}],"version-history":[{"count":1,"href":"https:\/\/www.egemtv.com\/index.php?rest_route=\/wp\/v2\/posts\/64206\/revisions"}],"predecessor-version":[{"id":64208,"href":"https:\/\/www.egemtv.com\/index.php?rest_route=\/wp\/v2\/posts\/64206\/revisions\/64208"}],"wp:featuredmedia":[{"embeddable":true,"href":"https:\/\/www.egemtv.com\/index.php?rest_route=\/wp\/v2\/media\/64207"}],"wp:attachment":[{"href":"https:\/\/www.egemtv.com\/index.php?rest_route=%2Fwp%2Fv2%2Fmedia&parent=64206"}],"wp:term":[{"taxonomy":"category","embeddable":true,"href":"https:\/\/www.egemtv.com\/index.php?rest_route=%2Fwp%2Fv2%2Fcategories&post=64206"},{"taxonomy":"post_tag","embeddable":true,"href":"https:\/\/www.egemtv.com\/index.php?rest_route=%2Fwp%2Fv2%2Ftags&post=64206"}],"curies":[{"name":"wp","href":"https:\/\/api.w.org\/{rel}","templated":true}]}}