{"id":64203,"date":"2025-10-27T23:54:54","date_gmt":"2025-10-27T20:54:54","guid":{"rendered":"https:\/\/www.egemtv.com\/?p=64203"},"modified":"2025-10-27T23:54:59","modified_gmt":"2025-10-27T20:54:59","slug":"incirliovada-alacak-verecek-kavgasi-kanli-bitti-1-yarali","status":"publish","type":"post","link":"https:\/\/www.egemtv.com\/?p=64203","title":{"rendered":"\u0130ncirliova\u2019da alacak verecek kavgas\u0131 kanl\u0131 bitti: 1 yaral\u0131"},"content":{"rendered":"<p>Ayd\u0131n\u2019\u0131n \u0130ncirliova il\u00e7esinde alacak verecek meselesi y\u00fcz\u00fcnden \u00e7\u0131kan tart\u0131\u015fma silahl\u0131 kavgaya d\u00f6n\u00fc\u015ft\u00fc. Olayda bir ki\u015fi baca\u011f\u0131ndan vurularak yaraland\u0131.<\/p>\n<p>Olay, ak\u015fam saat 20.00 s\u0131ralar\u0131nda Efeler il\u00e7esi \u0130stiklal Mahallesi \u0130nk\u0131lap Caddesi \u00fczerinde meydana geldi. Edinilen bilgiye g\u00f6re, 41 ya\u015f\u0131ndaki G.D. ile 46 ya\u015f\u0131ndaki E.B. aras\u0131nda alacak verecek nedeniyle tart\u0131\u015fma \u00e7\u0131kt\u0131. S\u00f6zl\u00fc tart\u0131\u015fman\u0131n k\u0131sa s\u00fcrede kavgaya d\u00f6n\u00fc\u015fmesi \u00fczerine E.B., yan\u0131nda bulundurdu\u011fu tabanca ile G.D.\u2019yi baca\u011f\u0131ndan vurdu. Silah seslerini duyan \u00e7evredekilerin ihbar\u0131 \u00fczerine olay yerine polis ve sa\u011fl\u0131k ekipleri sevk edildi. Yaral\u0131 G.D., ilk m\u00fcdahalesinin ard\u0131ndan Adnan Menderes \u00dcniversitesi Hastanesi\u2019ne kald\u0131r\u0131ld\u0131. Hayati tehlikesinin bulunmad\u0131\u011f\u0131 \u00f6\u011frenildi. Olay\u0131n ard\u0131ndan ka\u00e7an \u015f\u00fcpheli E.B., \u0130ncirliova Su\u00e7 \u00d6nleme ve Soru\u015fturma ekiplerinin h\u0131zl\u0131 \u00e7al\u0131\u015fmas\u0131yla k\u0131sa s\u00fcrede yakalanarak g\u00f6zalt\u0131na al\u0131nd\u0131. Su\u00e7 aleti tabanca da ele ge\u00e7irildi. Olayla ilgili inceleme ba\u015flat\u0131ld\u0131.<br \/><\/p>\n","protected":false},"excerpt":{"rendered":"<p>Ayd\u0131n\u2019\u0131n \u0130ncirliova il\u00e7esinde alacak verecek meselesi y\u00fcz\u00fcnden \u00e7\u0131kan tart\u0131\u015fma silahl\u0131 kavgaya d\u00f6n\u00fc\u015ft\u00fc. Olayda bir ki\u015fi baca\u011f\u0131ndan vurularak yaraland\u0131. Olay, ak\u015fam saat 20.00 s\u0131ralar\u0131nda Efeler il\u00e7esi \u0130stiklal Mahallesi \u0130nk\u0131lap Caddesi \u00fczerinde meydana geldi. Edinilen bilgiye g\u00f6re, 41 ya\u015f\u0131ndaki G.D. ile 46 ya\u015f\u0131ndaki E.B. aras\u0131nda alacak verecek nedeniyle tart\u0131\u015fma \u00e7\u0131kt\u0131. S\u00f6zl\u00fc tart\u0131\u015fman\u0131n k\u0131sa s\u00fcrede kavgaya d\u00f6n\u00fc\u015fmesi \u00fczerine&#8230;<\/p>\n","protected":false},"author":1,"featured_media":64204,"comment_status":"open","ping_status":"open","sticky":false,"template":"","format":"standard","meta":{"_crdt_document":"","footnotes":""},"categories":[5],"tags":[],"class_list":["post-64203","post","type-post","status-publish","format-standard","has-post-thumbnail","hentry","category-asayis"],"_links":{"self":[{"href":"https:\/\/www.egemtv.com\/index.php?rest_route=\/wp\/v2\/posts\/64203","targetHints":{"allow":["GET"]}}],"collection":[{"href":"https:\/\/www.egemtv.com\/index.php?rest_route=\/wp\/v2\/posts"}],"about":[{"href":"https:\/\/www.egemtv.com\/index.php?rest_route=\/wp\/v2\/types\/post"}],"author":[{"embeddable":true,"href":"https:\/\/www.egemtv.com\/index.php?rest_route=\/wp\/v2\/users\/1"}],"replies":[{"embeddable":true,"href":"https:\/\/www.egemtv.com\/index.php?rest_route=%2Fwp%2Fv2%2Fcomments&post=64203"}],"version-history":[{"count":1,"href":"https:\/\/www.egemtv.com\/index.php?rest_route=\/wp\/v2\/posts\/64203\/revisions"}],"predecessor-version":[{"id":64205,"href":"https:\/\/www.egemtv.com\/index.php?rest_route=\/wp\/v2\/posts\/64203\/revisions\/64205"}],"wp:featuredmedia":[{"embeddable":true,"href":"https:\/\/www.egemtv.com\/index.php?rest_route=\/wp\/v2\/media\/64204"}],"wp:attachment":[{"href":"https:\/\/www.egemtv.com\/index.php?rest_route=%2Fwp%2Fv2%2Fmedia&parent=64203"}],"wp:term":[{"taxonomy":"category","embeddable":true,"href":"https:\/\/www.egemtv.com\/index.php?rest_route=%2Fwp%2Fv2%2Fcategories&post=64203"},{"taxonomy":"post_tag","embeddable":true,"href":"https:\/\/www.egemtv.com\/index.php?rest_route=%2Fwp%2Fv2%2Ftags&post=64203"}],"curies":[{"name":"wp","href":"https:\/\/api.w.org\/{rel}","templated":true}]}}