{"id":64200,"date":"2025-10-27T23:54:46","date_gmt":"2025-10-27T20:54:46","guid":{"rendered":"https:\/\/www.egemtv.com\/?p=64200"},"modified":"2025-10-27T23:54:50","modified_gmt":"2025-10-27T20:54:50","slug":"balikesirdeki-deprem-aydinda-da-hissedildi-2","status":"publish","type":"post","link":"https:\/\/www.egemtv.com\/?p=64200","title":{"rendered":"Bal\u0131kesir\u2019deki deprem Ayd\u0131n\u2019da da hissedildi"},"content":{"rendered":"<p>Bal\u0131kesir\u2019in S\u0131nd\u0131rg\u0131 il\u00e7esinde meydana gelen 6.1 b\u00fcy\u00fckl\u00fc\u011f\u00fcndeki deprem, Ayd\u0131n\u2019da da pani\u011fe yol a\u00e7t\u0131. Kentte hissedilen sars\u0131nt\u0131n\u0131n ard\u0131ndan vatanda\u015flar kendilerini soka\u011fa att\u0131.<br \/>\n<br \/>AFAD verilerine g\u00f6re saat 22.48\u2019de merkez \u00fcss\u00fc Bal\u0131kesir\u2019in S\u0131nd\u0131rg\u0131 il\u00e7esi olan 6.1 b\u00fcy\u00fckl\u00fc\u011f\u00fcnde deprem meydana geldi. Deprem, Ayd\u0131n\u2019da da hissedildi. Sars\u0131nt\u0131 s\u0131ras\u0131nda ev ve i\u015f yerlerinde bulunan vatanda\u015flar, pani\u011fe kap\u0131larak h\u0131zla a\u00e7\u0131k alanlara \u00e7\u0131kt\u0131. Baz\u0131 vatanda\u015flar uzun s\u00fcre sokaklarda beklerken, apartman giri\u015flerinde toplananlar ise art\u00e7\u0131 sars\u0131nt\u0131lara kar\u015f\u0131 tedirginlik ya\u015fad\u0131.<br \/><\/p>\n","protected":false},"excerpt":{"rendered":"<p>Bal\u0131kesir\u2019in S\u0131nd\u0131rg\u0131 il\u00e7esinde meydana gelen 6.1 b\u00fcy\u00fckl\u00fc\u011f\u00fcndeki deprem, Ayd\u0131n\u2019da da pani\u011fe yol a\u00e7t\u0131. Kentte hissedilen sars\u0131nt\u0131n\u0131n ard\u0131ndan vatanda\u015flar kendilerini soka\u011fa att\u0131. AFAD verilerine g\u00f6re saat 22.48\u2019de merkez \u00fcss\u00fc Bal\u0131kesir\u2019in S\u0131nd\u0131rg\u0131 il\u00e7esi olan 6.1 b\u00fcy\u00fckl\u00fc\u011f\u00fcnde deprem meydana geldi. Deprem, Ayd\u0131n\u2019da da hissedildi. Sars\u0131nt\u0131 s\u0131ras\u0131nda ev ve i\u015f yerlerinde bulunan vatanda\u015flar, pani\u011fe kap\u0131larak h\u0131zla a\u00e7\u0131k alanlara \u00e7\u0131kt\u0131&#8230;.<\/p>\n","protected":false},"author":1,"featured_media":64201,"comment_status":"open","ping_status":"open","sticky":false,"template":"","format":"standard","meta":{"_crdt_document":"","footnotes":""},"categories":[5],"tags":[],"class_list":["post-64200","post","type-post","status-publish","format-standard","has-post-thumbnail","hentry","category-asayis"],"_links":{"self":[{"href":"https:\/\/www.egemtv.com\/index.php?rest_route=\/wp\/v2\/posts\/64200","targetHints":{"allow":["GET"]}}],"collection":[{"href":"https:\/\/www.egemtv.com\/index.php?rest_route=\/wp\/v2\/posts"}],"about":[{"href":"https:\/\/www.egemtv.com\/index.php?rest_route=\/wp\/v2\/types\/post"}],"author":[{"embeddable":true,"href":"https:\/\/www.egemtv.com\/index.php?rest_route=\/wp\/v2\/users\/1"}],"replies":[{"embeddable":true,"href":"https:\/\/www.egemtv.com\/index.php?rest_route=%2Fwp%2Fv2%2Fcomments&post=64200"}],"version-history":[{"count":1,"href":"https:\/\/www.egemtv.com\/index.php?rest_route=\/wp\/v2\/posts\/64200\/revisions"}],"predecessor-version":[{"id":64202,"href":"https:\/\/www.egemtv.com\/index.php?rest_route=\/wp\/v2\/posts\/64200\/revisions\/64202"}],"wp:featuredmedia":[{"embeddable":true,"href":"https:\/\/www.egemtv.com\/index.php?rest_route=\/wp\/v2\/media\/64201"}],"wp:attachment":[{"href":"https:\/\/www.egemtv.com\/index.php?rest_route=%2Fwp%2Fv2%2Fmedia&parent=64200"}],"wp:term":[{"taxonomy":"category","embeddable":true,"href":"https:\/\/www.egemtv.com\/index.php?rest_route=%2Fwp%2Fv2%2Fcategories&post=64200"},{"taxonomy":"post_tag","embeddable":true,"href":"https:\/\/www.egemtv.com\/index.php?rest_route=%2Fwp%2Fv2%2Ftags&post=64200"}],"curies":[{"name":"wp","href":"https:\/\/api.w.org\/{rel}","templated":true}]}}