{"id":64197,"date":"2025-10-27T23:35:17","date_gmt":"2025-10-27T20:35:17","guid":{"rendered":"https:\/\/www.egemtv.com\/?p=64197"},"modified":"2025-10-27T23:35:21","modified_gmt":"2025-10-27T20:35:21","slug":"balikesirdeki-deprem-izmirde-de-hissedildi-2","status":"publish","type":"post","link":"https:\/\/www.egemtv.com\/?p=64197","title":{"rendered":"Bal\u0131kesir\u2019deki deprem \u0130zmir\u2019de de hissedildi"},"content":{"rendered":"<p>Bal\u0131kesir\u2019in S\u0131nd\u0131rg\u0131 il\u00e7esinde meydana gelen 6.1 b\u00fcy\u00fckl\u00fc\u011f\u00fcndeki deprem, \u0130zmir\u2019de de hissedildi.<br \/>\n<br \/>Bal\u0131kesir\u2019in S\u0131nd\u0131rg\u0131 il\u00e7esinde saat 22.48\u2019de 6.1 b\u00fcy\u00fckl\u00fc\u011f\u00fcnde deprem meydana geldi. Deprem \u0130zmir dahil bir\u00e7ok ilde hissedildi. \u0130zmir\u2019de \u015fiddetli \u015fekilde hissedilen sars\u0131nt\u0131 ile vatanda\u015flar kendilerini soka\u011fa att\u0131.<br \/>\n<br \/>Depremle ilgili sosyal medya hesab\u0131ndan payla\u015f\u0131mda bulunan \u0130zmir Valisi S\u00fcleyman Elban, &#8220;AFAD verilerine g\u00f6re Bal\u0131kesir S\u0131nd\u0131rg\u0131\u2019da 6.1 b\u00fcy\u00fckl\u00fc\u011f\u00fcnde bir deprem meydana gelmi\u015f, deprem \u0130zmir\u2019de de hissedilmi\u015ftir. \u015eu ana kadar herhangi bir olumsuzluk tespit edilmemi\u015f olup, b\u00f6lgede tarama \u00e7al\u0131\u015fmalar\u0131 aral\u0131ks\u0131z s\u00fcrmektedir. T\u00fcm ekiplerimiz teyakkuz halindedir. Depremden etkilenen t\u00fcm vatanda\u015flar\u0131m\u0131za ge\u00e7mi\u015f olsun dileklerimizi iletiyoruz. Allah, \u00fclkemizi ve milletimizi her t\u00fcrl\u00fc afetten muhafaza eylesin&#8221; ifadelerine yer verdi.<br \/><\/p>\n","protected":false},"excerpt":{"rendered":"<p>Bal\u0131kesir\u2019in S\u0131nd\u0131rg\u0131 il\u00e7esinde meydana gelen 6.1 b\u00fcy\u00fckl\u00fc\u011f\u00fcndeki deprem, \u0130zmir\u2019de de hissedildi. Bal\u0131kesir\u2019in S\u0131nd\u0131rg\u0131 il\u00e7esinde saat 22.48\u2019de 6.1 b\u00fcy\u00fckl\u00fc\u011f\u00fcnde deprem meydana geldi. Deprem \u0130zmir dahil bir\u00e7ok ilde hissedildi. \u0130zmir\u2019de \u015fiddetli \u015fekilde hissedilen sars\u0131nt\u0131 ile vatanda\u015flar kendilerini soka\u011fa att\u0131. Depremle ilgili sosyal medya hesab\u0131ndan payla\u015f\u0131mda bulunan \u0130zmir Valisi S\u00fcleyman Elban, &#8220;AFAD verilerine g\u00f6re Bal\u0131kesir S\u0131nd\u0131rg\u0131\u2019da 6.1 b\u00fcy\u00fckl\u00fc\u011f\u00fcnde&#8230;<\/p>\n","protected":false},"author":1,"featured_media":64198,"comment_status":"open","ping_status":"open","sticky":false,"template":"","format":"standard","meta":{"_crdt_document":"","footnotes":""},"categories":[1],"tags":[],"class_list":["post-64197","post","type-post","status-publish","format-standard","has-post-thumbnail","hentry","category-guncel"],"_links":{"self":[{"href":"https:\/\/www.egemtv.com\/index.php?rest_route=\/wp\/v2\/posts\/64197","targetHints":{"allow":["GET"]}}],"collection":[{"href":"https:\/\/www.egemtv.com\/index.php?rest_route=\/wp\/v2\/posts"}],"about":[{"href":"https:\/\/www.egemtv.com\/index.php?rest_route=\/wp\/v2\/types\/post"}],"author":[{"embeddable":true,"href":"https:\/\/www.egemtv.com\/index.php?rest_route=\/wp\/v2\/users\/1"}],"replies":[{"embeddable":true,"href":"https:\/\/www.egemtv.com\/index.php?rest_route=%2Fwp%2Fv2%2Fcomments&post=64197"}],"version-history":[{"count":1,"href":"https:\/\/www.egemtv.com\/index.php?rest_route=\/wp\/v2\/posts\/64197\/revisions"}],"predecessor-version":[{"id":64199,"href":"https:\/\/www.egemtv.com\/index.php?rest_route=\/wp\/v2\/posts\/64197\/revisions\/64199"}],"wp:featuredmedia":[{"embeddable":true,"href":"https:\/\/www.egemtv.com\/index.php?rest_route=\/wp\/v2\/media\/64198"}],"wp:attachment":[{"href":"https:\/\/www.egemtv.com\/index.php?rest_route=%2Fwp%2Fv2%2Fmedia&parent=64197"}],"wp:term":[{"taxonomy":"category","embeddable":true,"href":"https:\/\/www.egemtv.com\/index.php?rest_route=%2Fwp%2Fv2%2Fcategories&post=64197"},{"taxonomy":"post_tag","embeddable":true,"href":"https:\/\/www.egemtv.com\/index.php?rest_route=%2Fwp%2Fv2%2Ftags&post=64197"}],"curies":[{"name":"wp","href":"https:\/\/api.w.org\/{rel}","templated":true}]}}