{"id":64194,"date":"2025-10-27T23:35:08","date_gmt":"2025-10-27T20:35:08","guid":{"rendered":"https:\/\/www.egemtv.com\/?p=64194"},"modified":"2025-10-27T23:35:13","modified_gmt":"2025-10-27T20:35:13","slug":"balikesirdeki-deprem-kutahyada-da-hissedildi-2","status":"publish","type":"post","link":"https:\/\/www.egemtv.com\/?p=64194","title":{"rendered":"Bal\u0131kesir\u2019deki deprem K\u00fctahya\u2019da da hissedildi"},"content":{"rendered":"<p>Bal\u0131kesir\u2019in S\u0131nd\u0131rg\u0131 il\u00e7esinde meydana gelen 6.1 b\u00fcy\u00fckl\u00fc\u011f\u00fcndeki deprem, K\u00fctahya ba\u015fta olmak \u00fczere \u00e7evre illerde de g\u00fc\u00e7l\u00fc bir \u015fekilde hissedildi.<br \/>\n<br \/>Depremle birlikte K\u00fctahya\u2019da vatanda\u015flar panik i\u00e7inde kendilerini soka\u011fa att\u0131 ve yak\u0131nlar\u0131na ula\u015fmaya \u00e7al\u0131\u015ft\u0131. \u0130lk belirlemelere g\u00f6re kentte herhangi bir y\u0131k\u0131m veya yaralanma olmad\u0131\u011f\u0131 \u00f6\u011frenildi. Afet ve Acil Durum Y\u00f6netimi Ba\u015fkanl\u0131\u011f\u0131 (AFAD) ekiplerinin b\u00f6lgede muhtemel olumsuzluklara kar\u015f\u0131 \u00e7al\u0131\u015fmalar\u0131n\u0131 s\u00fcrd\u00fcrd\u00fc\u011f\u00fc bildirildi.<br \/><\/p>\n","protected":false},"excerpt":{"rendered":"<p>Bal\u0131kesir\u2019in S\u0131nd\u0131rg\u0131 il\u00e7esinde meydana gelen 6.1 b\u00fcy\u00fckl\u00fc\u011f\u00fcndeki deprem, K\u00fctahya ba\u015fta olmak \u00fczere \u00e7evre illerde de g\u00fc\u00e7l\u00fc bir \u015fekilde hissedildi. Depremle birlikte K\u00fctahya\u2019da vatanda\u015flar panik i\u00e7inde kendilerini soka\u011fa att\u0131 ve yak\u0131nlar\u0131na ula\u015fmaya \u00e7al\u0131\u015ft\u0131. \u0130lk belirlemelere g\u00f6re kentte herhangi bir y\u0131k\u0131m veya yaralanma olmad\u0131\u011f\u0131 \u00f6\u011frenildi. Afet ve Acil Durum Y\u00f6netimi Ba\u015fkanl\u0131\u011f\u0131 (AFAD) ekiplerinin b\u00f6lgede muhtemel olumsuzluklara kar\u015f\u0131&#8230;<\/p>\n","protected":false},"author":1,"featured_media":64195,"comment_status":"open","ping_status":"open","sticky":false,"template":"","format":"standard","meta":{"_crdt_document":"","footnotes":""},"categories":[1],"tags":[],"class_list":["post-64194","post","type-post","status-publish","format-standard","has-post-thumbnail","hentry","category-guncel"],"_links":{"self":[{"href":"https:\/\/www.egemtv.com\/index.php?rest_route=\/wp\/v2\/posts\/64194","targetHints":{"allow":["GET"]}}],"collection":[{"href":"https:\/\/www.egemtv.com\/index.php?rest_route=\/wp\/v2\/posts"}],"about":[{"href":"https:\/\/www.egemtv.com\/index.php?rest_route=\/wp\/v2\/types\/post"}],"author":[{"embeddable":true,"href":"https:\/\/www.egemtv.com\/index.php?rest_route=\/wp\/v2\/users\/1"}],"replies":[{"embeddable":true,"href":"https:\/\/www.egemtv.com\/index.php?rest_route=%2Fwp%2Fv2%2Fcomments&post=64194"}],"version-history":[{"count":1,"href":"https:\/\/www.egemtv.com\/index.php?rest_route=\/wp\/v2\/posts\/64194\/revisions"}],"predecessor-version":[{"id":64196,"href":"https:\/\/www.egemtv.com\/index.php?rest_route=\/wp\/v2\/posts\/64194\/revisions\/64196"}],"wp:featuredmedia":[{"embeddable":true,"href":"https:\/\/www.egemtv.com\/index.php?rest_route=\/wp\/v2\/media\/64195"}],"wp:attachment":[{"href":"https:\/\/www.egemtv.com\/index.php?rest_route=%2Fwp%2Fv2%2Fmedia&parent=64194"}],"wp:term":[{"taxonomy":"category","embeddable":true,"href":"https:\/\/www.egemtv.com\/index.php?rest_route=%2Fwp%2Fv2%2Fcategories&post=64194"},{"taxonomy":"post_tag","embeddable":true,"href":"https:\/\/www.egemtv.com\/index.php?rest_route=%2Fwp%2Fv2%2Ftags&post=64194"}],"curies":[{"name":"wp","href":"https:\/\/api.w.org\/{rel}","templated":true}]}}