{"id":64191,"date":"2025-10-27T22:37:27","date_gmt":"2025-10-27T19:37:27","guid":{"rendered":"https:\/\/www.egemtv.com\/?p=64191"},"modified":"2025-10-27T22:37:30","modified_gmt":"2025-10-27T19:37:30","slug":"aydinda-cocuklar-yuzunden-aileler-arasinda-bicakli-kavga-2-yarali","status":"publish","type":"post","link":"https:\/\/www.egemtv.com\/?p=64191","title":{"rendered":"Ayd\u0131n\u2019da \u00e7ocuklar y\u00fcz\u00fcnden aileler aras\u0131nda b\u0131\u00e7akl\u0131 kavga: 2 yaral\u0131"},"content":{"rendered":"<p>Ayd\u0131n\u2019\u0131n Efeler il\u00e7esinde iki aile aras\u0131nda \u00e7ocuklar nedeniyle \u00e7\u0131kan silahl\u0131 ve b\u0131\u00e7akl\u0131 kavgada 2 ki\u015fi yaraland\u0131.<br \/>\n<br \/>Edinilen bilgiye g\u00f6re, Efeler il\u00e7esi Kocag\u00fcr Mahallesi\u2019nde C.\u00d6., E.\u00d6., H.B., C.B. ve F.B. aras\u0131nda \u00e7ocuklar y\u00fcz\u00fcnden ya\u015fanan tart\u0131\u015fma, taraflar\u0131n birbirine sald\u0131rmas\u0131yla kavgaya d\u00f6n\u00fc\u015ft\u00fc. Kavga s\u0131ras\u0131nda C.\u00d6. silahla, E.\u00d6. ise b\u0131\u00e7akla yaraland\u0131. Olay\u0131n ard\u0131ndan \u015f\u00fcpheliler H.B., C.B. ve F.B. olay yerinden ka\u00e7t\u0131. \u0130hbar \u00fczerine olay yerine jandarma ve sa\u011fl\u0131k ekipleri sevk edildi. Yaral\u0131lar, yap\u0131lan ilk m\u00fcdahalenin ard\u0131ndan ambulansla Ayd\u0131n Adnan Menderes \u00dcniversitesi Hastanesi\u2019ne kald\u0131r\u0131ld\u0131. Yaral\u0131lar\u0131n yak\u0131nlar\u0131 hastanenin acil servisi \u00f6n\u00fcne ak\u0131n ederken, jandarma ekipleri olay yerinden ka\u00e7an \u015f\u00fcphelilerin yakalanmas\u0131 i\u00e7in \u00e7al\u0131\u015fma ba\u015flatt\u0131.<br \/>\n<br \/>Olayla ilgili inceleme s\u00fcr\u00fcyor.<br \/><\/p>\n","protected":false},"excerpt":{"rendered":"<p>Ayd\u0131n\u2019\u0131n Efeler il\u00e7esinde iki aile aras\u0131nda \u00e7ocuklar nedeniyle \u00e7\u0131kan silahl\u0131 ve b\u0131\u00e7akl\u0131 kavgada 2 ki\u015fi yaraland\u0131. Edinilen bilgiye g\u00f6re, Efeler il\u00e7esi Kocag\u00fcr Mahallesi\u2019nde C.\u00d6., E.\u00d6., H.B., C.B. ve F.B. aras\u0131nda \u00e7ocuklar y\u00fcz\u00fcnden ya\u015fanan tart\u0131\u015fma, taraflar\u0131n birbirine sald\u0131rmas\u0131yla kavgaya d\u00f6n\u00fc\u015ft\u00fc. Kavga s\u0131ras\u0131nda C.\u00d6. silahla, E.\u00d6. ise b\u0131\u00e7akla yaraland\u0131. Olay\u0131n ard\u0131ndan \u015f\u00fcpheliler H.B., C.B. ve F.B. olay&#8230;<\/p>\n","protected":false},"author":1,"featured_media":64192,"comment_status":"open","ping_status":"open","sticky":false,"template":"","format":"standard","meta":{"_crdt_document":"","footnotes":""},"categories":[5],"tags":[],"class_list":["post-64191","post","type-post","status-publish","format-standard","has-post-thumbnail","hentry","category-asayis"],"_links":{"self":[{"href":"https:\/\/www.egemtv.com\/index.php?rest_route=\/wp\/v2\/posts\/64191","targetHints":{"allow":["GET"]}}],"collection":[{"href":"https:\/\/www.egemtv.com\/index.php?rest_route=\/wp\/v2\/posts"}],"about":[{"href":"https:\/\/www.egemtv.com\/index.php?rest_route=\/wp\/v2\/types\/post"}],"author":[{"embeddable":true,"href":"https:\/\/www.egemtv.com\/index.php?rest_route=\/wp\/v2\/users\/1"}],"replies":[{"embeddable":true,"href":"https:\/\/www.egemtv.com\/index.php?rest_route=%2Fwp%2Fv2%2Fcomments&post=64191"}],"version-history":[{"count":1,"href":"https:\/\/www.egemtv.com\/index.php?rest_route=\/wp\/v2\/posts\/64191\/revisions"}],"predecessor-version":[{"id":64193,"href":"https:\/\/www.egemtv.com\/index.php?rest_route=\/wp\/v2\/posts\/64191\/revisions\/64193"}],"wp:featuredmedia":[{"embeddable":true,"href":"https:\/\/www.egemtv.com\/index.php?rest_route=\/wp\/v2\/media\/64192"}],"wp:attachment":[{"href":"https:\/\/www.egemtv.com\/index.php?rest_route=%2Fwp%2Fv2%2Fmedia&parent=64191"}],"wp:term":[{"taxonomy":"category","embeddable":true,"href":"https:\/\/www.egemtv.com\/index.php?rest_route=%2Fwp%2Fv2%2Fcategories&post=64191"},{"taxonomy":"post_tag","embeddable":true,"href":"https:\/\/www.egemtv.com\/index.php?rest_route=%2Fwp%2Fv2%2Ftags&post=64191"}],"curies":[{"name":"wp","href":"https:\/\/api.w.org\/{rel}","templated":true}]}}