{"id":64188,"date":"2025-10-27T22:37:24","date_gmt":"2025-10-27T19:37:24","guid":{"rendered":"https:\/\/www.egemtv.com\/?p=64188"},"modified":"2025-10-27T22:37:25","modified_gmt":"2025-10-27T19:37:25","slug":"manisa-fk-muglaspor-maci-hazirliklarina-basladi","status":"publish","type":"post","link":"https:\/\/www.egemtv.com\/?p=64188","title":{"rendered":"Manisa FK, Mu\u011flaspor ma\u00e7\u0131 haz\u0131rl\u0131klar\u0131na ba\u015flad\u0131"},"content":{"rendered":"<p>Manisa Futbol Kul\u00fcb\u00fc, Ziraat T\u00fcrkiye Kupas\u0131 3. Eleme Turu\u2019nda sahas\u0131nda konuk edece\u011fi Mu\u011flaspor kar\u015f\u0131la\u015fmas\u0131n\u0131n haz\u0131rl\u0131klar\u0131na ba\u015flad\u0131.<br \/>\n<br \/>Ziraat T\u00fcrkiye Kupas\u0131 3. Eleme Turu\u2019nda Nesine 2. Lig Beyaz Grup ekiplerinden Mu\u011flaspor\u2019u a\u011f\u0131rlayacak olan Manisa Futbol Kul\u00fcb\u00fc, 29 Ekim \u00c7ar\u015famba g\u00fcn\u00fc saat 18.00\u2019de Manisa 19 May\u0131s Stadyumu\u2019nda oynanacak m\u00fccadele \u00f6ncesi \u00e7al\u0131\u015fmalar\u0131na ba\u015flad\u0131.<br \/>\n<br \/>Teknik Direkt\u00f6r Taner Ta\u015fk\u0131n y\u00f6netiminde ger\u00e7ekle\u015ftirilen antrenmanda, hafta sonu oynanan SMS Grup Sar\u0131yerspor ma\u00e7\u0131nda g\u00f6rev alan futbolcular salonda yenileme ve kuvvet \u00e7al\u0131\u015fmas\u0131 yapt\u0131. Di\u011fer oyuncular ise sahada \u0131s\u0131nma hareketlerinin ard\u0131ndan top kapma ve dar alan oyunlar\u0131 \u00fczerinde \u00e7al\u0131\u015ft\u0131.<br \/>\n<br \/>Siyah-beyazl\u0131 ekip, haz\u0131rl\u0131klar\u0131na yar\u0131n yapaca\u011f\u0131 antrenmanla devam edecek.<br \/><\/p>\n","protected":false},"excerpt":{"rendered":"<p>Manisa Futbol Kul\u00fcb\u00fc, Ziraat T\u00fcrkiye Kupas\u0131 3. Eleme Turu\u2019nda sahas\u0131nda konuk edece\u011fi Mu\u011flaspor kar\u015f\u0131la\u015fmas\u0131n\u0131n haz\u0131rl\u0131klar\u0131na ba\u015flad\u0131. Ziraat T\u00fcrkiye Kupas\u0131 3. Eleme Turu\u2019nda Nesine 2. Lig Beyaz Grup ekiplerinden Mu\u011flaspor\u2019u a\u011f\u0131rlayacak olan Manisa Futbol Kul\u00fcb\u00fc, 29 Ekim \u00c7ar\u015famba g\u00fcn\u00fc saat 18.00\u2019de Manisa 19 May\u0131s Stadyumu\u2019nda oynanacak m\u00fccadele \u00f6ncesi \u00e7al\u0131\u015fmalar\u0131na ba\u015flad\u0131. Teknik Direkt\u00f6r Taner Ta\u015fk\u0131n y\u00f6netiminde ger\u00e7ekle\u015ftirilen&#8230;<\/p>\n","protected":false},"author":1,"featured_media":64189,"comment_status":"open","ping_status":"open","sticky":false,"template":"","format":"standard","meta":{"_crdt_document":"","footnotes":""},"categories":[4],"tags":[],"class_list":["post-64188","post","type-post","status-publish","format-standard","has-post-thumbnail","hentry","category-spor"],"_links":{"self":[{"href":"https:\/\/www.egemtv.com\/index.php?rest_route=\/wp\/v2\/posts\/64188","targetHints":{"allow":["GET"]}}],"collection":[{"href":"https:\/\/www.egemtv.com\/index.php?rest_route=\/wp\/v2\/posts"}],"about":[{"href":"https:\/\/www.egemtv.com\/index.php?rest_route=\/wp\/v2\/types\/post"}],"author":[{"embeddable":true,"href":"https:\/\/www.egemtv.com\/index.php?rest_route=\/wp\/v2\/users\/1"}],"replies":[{"embeddable":true,"href":"https:\/\/www.egemtv.com\/index.php?rest_route=%2Fwp%2Fv2%2Fcomments&post=64188"}],"version-history":[{"count":1,"href":"https:\/\/www.egemtv.com\/index.php?rest_route=\/wp\/v2\/posts\/64188\/revisions"}],"predecessor-version":[{"id":64190,"href":"https:\/\/www.egemtv.com\/index.php?rest_route=\/wp\/v2\/posts\/64188\/revisions\/64190"}],"wp:featuredmedia":[{"embeddable":true,"href":"https:\/\/www.egemtv.com\/index.php?rest_route=\/wp\/v2\/media\/64189"}],"wp:attachment":[{"href":"https:\/\/www.egemtv.com\/index.php?rest_route=%2Fwp%2Fv2%2Fmedia&parent=64188"}],"wp:term":[{"taxonomy":"category","embeddable":true,"href":"https:\/\/www.egemtv.com\/index.php?rest_route=%2Fwp%2Fv2%2Fcategories&post=64188"},{"taxonomy":"post_tag","embeddable":true,"href":"https:\/\/www.egemtv.com\/index.php?rest_route=%2Fwp%2Fv2%2Ftags&post=64188"}],"curies":[{"name":"wp","href":"https:\/\/api.w.org\/{rel}","templated":true}]}}