{"id":64185,"date":"2025-10-27T22:15:48","date_gmt":"2025-10-27T19:15:48","guid":{"rendered":"https:\/\/www.egemtv.com\/?p=64185"},"modified":"2025-10-27T22:15:51","modified_gmt":"2025-10-27T19:15:51","slug":"is-yerinde-basindan-vurulmus-halde-bulunan-sahis-hayatini-kaybetti","status":"publish","type":"post","link":"https:\/\/www.egemtv.com\/?p=64185","title":{"rendered":"\u0130\u015f yerinde ba\u015f\u0131ndan vurulmu\u015f halde bulunan \u015fah\u0131s hayat\u0131n\u0131 kaybetti"},"content":{"rendered":"<p>Ayd\u0131n\u2019\u0131n Efeler il\u00e7esinde i\u015f yerinde ba\u015f\u0131ndan silahla vurulmu\u015f halde bulunan \u015fah\u0131s, kald\u0131r\u0131ld\u0131\u011f\u0131 hastanede hayat\u0131n\u0131 kaybetti.<br \/>\n<br \/>Olay, Yedi Eyl\u00fcl Mahallesi Mu\u011fla Bulvar\u0131 \u00fczerindeki akaryak\u0131t istasyonu i\u00e7erisinde bulunan bir i\u015f yerinde saat 16.30 s\u0131ralar\u0131nda meydana geldi. Edinilen bilgiye g\u00f6re, Adem \u0130nan\u2019\u0131n (31) bulundu\u011fu alandan silah sesi y\u00fckseldi\u011fini duyan i\u015f yeri \u00e7al\u0131\u015fanlar\u0131, \u015fahs\u0131 ba\u015f\u0131ndan silahla vurulmu\u015f halde yerde yatarken buldu. Durumun 112 Acil \u00c7a\u011fr\u0131 Merkezi\u2019ne bildirilmesi \u00fczerine olay yerine sa\u011fl\u0131k ve polis ekipleri sevk edildi. K\u0131sa s\u00fcrede olay yerine gelen sa\u011fl\u0131k ekipleri, \u0130nan\u2019a ilk m\u00fcdahaleyi yaparak ambulansla hastaneye kald\u0131rd\u0131. \u0130nan doktorlar\u0131n t\u00fcm \u00e7abalar\u0131na ra\u011fmen kurtar\u0131lamazken, \u00f6l\u00fcm haberini alan yak\u0131nlar\u0131 yasa bo\u011fuldu.<br \/>\n<br \/>Olayla ilgili soru\u015fturma s\u00fcr\u00fcyor.<br \/><\/p>\n","protected":false},"excerpt":{"rendered":"<p>Ayd\u0131n\u2019\u0131n Efeler il\u00e7esinde i\u015f yerinde ba\u015f\u0131ndan silahla vurulmu\u015f halde bulunan \u015fah\u0131s, kald\u0131r\u0131ld\u0131\u011f\u0131 hastanede hayat\u0131n\u0131 kaybetti. Olay, Yedi Eyl\u00fcl Mahallesi Mu\u011fla Bulvar\u0131 \u00fczerindeki akaryak\u0131t istasyonu i\u00e7erisinde bulunan bir i\u015f yerinde saat 16.30 s\u0131ralar\u0131nda meydana geldi. Edinilen bilgiye g\u00f6re, Adem \u0130nan\u2019\u0131n (31) bulundu\u011fu alandan silah sesi y\u00fckseldi\u011fini duyan i\u015f yeri \u00e7al\u0131\u015fanlar\u0131, \u015fahs\u0131 ba\u015f\u0131ndan silahla vurulmu\u015f halde yerde&#8230;<\/p>\n","protected":false},"author":1,"featured_media":64186,"comment_status":"open","ping_status":"open","sticky":false,"template":"","format":"standard","meta":{"_crdt_document":"","footnotes":""},"categories":[5],"tags":[],"class_list":["post-64185","post","type-post","status-publish","format-standard","has-post-thumbnail","hentry","category-asayis"],"_links":{"self":[{"href":"https:\/\/www.egemtv.com\/index.php?rest_route=\/wp\/v2\/posts\/64185","targetHints":{"allow":["GET"]}}],"collection":[{"href":"https:\/\/www.egemtv.com\/index.php?rest_route=\/wp\/v2\/posts"}],"about":[{"href":"https:\/\/www.egemtv.com\/index.php?rest_route=\/wp\/v2\/types\/post"}],"author":[{"embeddable":true,"href":"https:\/\/www.egemtv.com\/index.php?rest_route=\/wp\/v2\/users\/1"}],"replies":[{"embeddable":true,"href":"https:\/\/www.egemtv.com\/index.php?rest_route=%2Fwp%2Fv2%2Fcomments&post=64185"}],"version-history":[{"count":1,"href":"https:\/\/www.egemtv.com\/index.php?rest_route=\/wp\/v2\/posts\/64185\/revisions"}],"predecessor-version":[{"id":64187,"href":"https:\/\/www.egemtv.com\/index.php?rest_route=\/wp\/v2\/posts\/64185\/revisions\/64187"}],"wp:featuredmedia":[{"embeddable":true,"href":"https:\/\/www.egemtv.com\/index.php?rest_route=\/wp\/v2\/media\/64186"}],"wp:attachment":[{"href":"https:\/\/www.egemtv.com\/index.php?rest_route=%2Fwp%2Fv2%2Fmedia&parent=64185"}],"wp:term":[{"taxonomy":"category","embeddable":true,"href":"https:\/\/www.egemtv.com\/index.php?rest_route=%2Fwp%2Fv2%2Fcategories&post=64185"},{"taxonomy":"post_tag","embeddable":true,"href":"https:\/\/www.egemtv.com\/index.php?rest_route=%2Fwp%2Fv2%2Ftags&post=64185"}],"curies":[{"name":"wp","href":"https:\/\/api.w.org\/{rel}","templated":true}]}}