{"id":64182,"date":"2025-10-27T21:56:17","date_gmt":"2025-10-27T18:56:17","guid":{"rendered":"https:\/\/www.egemtv.com\/?p=64182"},"modified":"2025-10-27T21:56:20","modified_gmt":"2025-10-27T18:56:20","slug":"usakta-babasi-babaannesi-ve-komsusunu-bicaklayan-supheli-tutuklandi","status":"publish","type":"post","link":"https:\/\/www.egemtv.com\/?p=64182","title":{"rendered":"U\u015fak\u2019ta babas\u0131, babaannesi ve kom\u015fusunu b\u0131\u00e7aklayan \u015f\u00fcpheli tutukland\u0131"},"content":{"rendered":"<p>U\u015fak\u2019ta babas\u0131, babaannesi ve kom\u015fusunu b\u0131\u00e7aklayan \u015f\u00fcpheli, \u00e7\u0131kar\u0131ld\u0131\u011f\u0131 mahkemece tutuklanarak cezaevine g\u00f6nderildi.<br \/>\n<br \/>Olay, U\u015fak merkeze ba\u011fl\u0131 Fevzi \u00c7akmak Mahallesi\u2019nde meydana geldi. Edinilen bilgilere g\u00f6re, Y.\u00d6. ile o\u011flu H.\u00d6. aras\u0131nda hen\u00fcz bilinmeyen bir nedenle evde tart\u0131\u015fma \u00e7\u0131kt\u0131. Tart\u0131\u015fman\u0131n kavgaya d\u00f6n\u00fc\u015fmesi \u00fczerine H.\u00d6., babas\u0131 Y.\u00d6. ile evde bulunan babaannesi R.\u00d6.\u2019y\u00fc b\u0131\u00e7akla yaralad\u0131. H.\u00d6., ard\u0131ndan ba\u011fr\u0131\u015fmalar\u0131 duyarak evden \u00e7\u0131kan kom\u015fusu Z.B.\u2019yi de b\u0131\u00e7aklad\u0131. \u00c7evredeki vatanda\u015flar\u0131n durumu 112 Acil \u00c7a\u011fr\u0131 Merkezi\u2019ne bildirmesi \u00fczerine b\u00f6lgeye sa\u011fl\u0131k ve polis ekipleri sevk edildi. Sa\u011fl\u0131k ekiplerince yaralanan baba Y.\u00d6., babaanne R.\u00d6. ve kom\u015fu Z.B., \u00e7evredeki hastanelere kald\u0131r\u0131ld\u0131. Yaral\u0131lardan Y.\u00d6. ile Z.B.\u2019nin hayati tehlikesinin bulundu\u011fu \u00f6\u011frenildi. Polis ekiplerince olay yerinde g\u00f6zalt\u0131na al\u0131nan H.\u00d6., emniyetteki i\u015flemlerinin ard\u0131ndan adliyeye sevk edildi. \u015e\u00fcpheli, \u00e7\u0131kar\u0131ld\u0131\u011f\u0131 mahkemece tutuklanarak cezaevine g\u00f6nderildi.<br \/>\n<br \/>H.\u00d6.\u2019n\u00fcn ifadesinde alkoll\u00fc oldu\u011fu i\u00e7in olay\u0131 tam olarak hat\u0131rlamad\u0131\u011f\u0131n\u0131 s\u00f6yledi\u011fi \u00f6\u011frenildi.<br \/><\/p>\n","protected":false},"excerpt":{"rendered":"<p>U\u015fak\u2019ta babas\u0131, babaannesi ve kom\u015fusunu b\u0131\u00e7aklayan \u015f\u00fcpheli, \u00e7\u0131kar\u0131ld\u0131\u011f\u0131 mahkemece tutuklanarak cezaevine g\u00f6nderildi. Olay, U\u015fak merkeze ba\u011fl\u0131 Fevzi \u00c7akmak Mahallesi\u2019nde meydana geldi. Edinilen bilgilere g\u00f6re, Y.\u00d6. ile o\u011flu H.\u00d6. aras\u0131nda hen\u00fcz bilinmeyen bir nedenle evde tart\u0131\u015fma \u00e7\u0131kt\u0131. Tart\u0131\u015fman\u0131n kavgaya d\u00f6n\u00fc\u015fmesi \u00fczerine H.\u00d6., babas\u0131 Y.\u00d6. ile evde bulunan babaannesi R.\u00d6.\u2019y\u00fc b\u0131\u00e7akla yaralad\u0131. H.\u00d6., ard\u0131ndan ba\u011fr\u0131\u015fmalar\u0131 duyarak evden&#8230;<\/p>\n","protected":false},"author":1,"featured_media":64183,"comment_status":"open","ping_status":"open","sticky":false,"template":"","format":"standard","meta":{"_crdt_document":"","footnotes":""},"categories":[5],"tags":[],"class_list":["post-64182","post","type-post","status-publish","format-standard","has-post-thumbnail","hentry","category-asayis"],"_links":{"self":[{"href":"https:\/\/www.egemtv.com\/index.php?rest_route=\/wp\/v2\/posts\/64182","targetHints":{"allow":["GET"]}}],"collection":[{"href":"https:\/\/www.egemtv.com\/index.php?rest_route=\/wp\/v2\/posts"}],"about":[{"href":"https:\/\/www.egemtv.com\/index.php?rest_route=\/wp\/v2\/types\/post"}],"author":[{"embeddable":true,"href":"https:\/\/www.egemtv.com\/index.php?rest_route=\/wp\/v2\/users\/1"}],"replies":[{"embeddable":true,"href":"https:\/\/www.egemtv.com\/index.php?rest_route=%2Fwp%2Fv2%2Fcomments&post=64182"}],"version-history":[{"count":1,"href":"https:\/\/www.egemtv.com\/index.php?rest_route=\/wp\/v2\/posts\/64182\/revisions"}],"predecessor-version":[{"id":64184,"href":"https:\/\/www.egemtv.com\/index.php?rest_route=\/wp\/v2\/posts\/64182\/revisions\/64184"}],"wp:featuredmedia":[{"embeddable":true,"href":"https:\/\/www.egemtv.com\/index.php?rest_route=\/wp\/v2\/media\/64183"}],"wp:attachment":[{"href":"https:\/\/www.egemtv.com\/index.php?rest_route=%2Fwp%2Fv2%2Fmedia&parent=64182"}],"wp:term":[{"taxonomy":"category","embeddable":true,"href":"https:\/\/www.egemtv.com\/index.php?rest_route=%2Fwp%2Fv2%2Fcategories&post=64182"},{"taxonomy":"post_tag","embeddable":true,"href":"https:\/\/www.egemtv.com\/index.php?rest_route=%2Fwp%2Fv2%2Ftags&post=64182"}],"curies":[{"name":"wp","href":"https:\/\/api.w.org\/{rel}","templated":true}]}}