{"id":64179,"date":"2025-10-27T21:56:07","date_gmt":"2025-10-27T18:56:07","guid":{"rendered":"https:\/\/www.egemtv.com\/?p=64179"},"modified":"2025-10-27T21:56:10","modified_gmt":"2025-10-27T18:56:10","slug":"kutahyada-turk-dunyasi-sanatcilarindan-cumhuriyet-bayrami-konseri","status":"publish","type":"post","link":"https:\/\/www.egemtv.com\/?p=64179","title":{"rendered":"K\u00fctahya\u2019da T\u00fcrk d\u00fcnyas\u0131 sanat\u00e7\u0131lar\u0131ndan Cumhuriyet Bayram\u0131 konseri"},"content":{"rendered":"<p>K\u00fctahya\u2019da, Cumhuriyet\u2019in 102. y\u0131l\u0131 kutlamalar\u0131nda T\u00fcrk d\u00fcnyas\u0131n\u0131n farkl\u0131 \u00fclkelerinden sanat\u00e7\u0131lar\u0131n kat\u0131l\u0131m\u0131yla anlaml\u0131 bir konser d\u00fczenlendi.<br \/>\n<br \/>Avrasya Sanat K\u00fclt\u00fcr Edebiyat Bilim Federasyonu (ASKEF), K\u00fctahya Tan\u0131t\u0131m Vakf\u0131, K\u00fctahya \u0130l K\u00fclt\u00fcr ve Turizm M\u00fcd\u00fcrl\u00fc\u011f\u00fc ile K\u00fctahya Dumlup\u0131nar \u00dcniversitesi i\u015f birli\u011fiyle ger\u00e7ekle\u015ftirilen &#8220;T\u00fcrk D\u00fcnyas\u0131 Sanat\u00e7\u0131lar\u0131ndan Cumhuriyet Bayram\u0131 Konseri&#8221;, bu ak\u015fam Vahit Pa\u015fa Yazma Eser K\u00fct\u00fcphanesi\u2019nde yap\u0131ld\u0131. Programda Azerbaycan\u2019dan Ayg\u00fcn Rehimli Akbaba, \u00d6zbekistan\u2019dan Sarvara, K\u0131rgzistan\u2019dan Burulkan Stampkulova ve Darika Adatovna Acar sahne ald\u0131. Etkinlikte ayr\u0131ca ASKEF Genel Ba\u015fkan\u0131 Sava\u015f \u00dcnal ve \u015fair-yorumcu \u0130zzet Ba\u011fc\u0131 da yer ald\u0131.<br \/>\n<br \/>K\u00fctahya Dumlup\u0131nar \u00dcniversitesi Kazakistan \u00d6\u011frenciler Toplulu\u011fu Ba\u015fkan\u0131 Do\u00e7. Dr. Erdal Aday, yapt\u0131\u011f\u0131 konu\u015fmada T\u00fcrk d\u00fcnyas\u0131n\u0131n Cumhuriyet Bayram\u0131 co\u015fkusuna ortak olmas\u0131n\u0131n \u00f6nemine dikkat \u00e7ekerek, &#8220;Cumhuriyetin 102. y\u0131l\u0131nda T\u00fcrkistan\u2019dan ve T\u00fcrk d\u00fcnyas\u0131ndan dostlar\u0131m\u0131zla birlikte anlaml\u0131 bir program haz\u0131rlad\u0131k. Amac\u0131m\u0131z, T\u00fcrk d\u00fcnyas\u0131n\u0131n da Cumhuriyet sevincimizi payla\u015fmas\u0131yd\u0131. 25 Ekim Kazakistan Cumhuriyeti Bayram\u0131 ile 29 Ekim Cumhuriyet Bayram\u0131\u2019n\u0131 birlikte kutlad\u0131k. G\u00fczel ve ba\u015far\u0131l\u0131 bir etkinlik ge\u00e7irdik&#8221; dedi.<br \/>\n<br \/>Program sonunda K\u00fctahya Dumlup\u0131nar \u00dcniversitesi Rekt\u00f6r\u00fc Prof. Dr. S\u00fcleyman K\u0131z\u0131ltoprak ve \u0130l K\u00fclt\u00fcr ve Turizm M\u00fcd\u00fcr\u00fc Zekeriya \u00dcnal, etkinli\u011fe katk\u0131 sunan sanat\u00e7\u0131lara te\u015fekk\u00fcr belgesi takdim etti.<br \/><\/p>\n","protected":false},"excerpt":{"rendered":"<p>K\u00fctahya\u2019da, Cumhuriyet\u2019in 102. y\u0131l\u0131 kutlamalar\u0131nda T\u00fcrk d\u00fcnyas\u0131n\u0131n farkl\u0131 \u00fclkelerinden sanat\u00e7\u0131lar\u0131n kat\u0131l\u0131m\u0131yla anlaml\u0131 bir konser d\u00fczenlendi. Avrasya Sanat K\u00fclt\u00fcr Edebiyat Bilim Federasyonu (ASKEF), K\u00fctahya Tan\u0131t\u0131m Vakf\u0131, K\u00fctahya \u0130l K\u00fclt\u00fcr ve Turizm M\u00fcd\u00fcrl\u00fc\u011f\u00fc ile K\u00fctahya Dumlup\u0131nar \u00dcniversitesi i\u015f birli\u011fiyle ger\u00e7ekle\u015ftirilen &#8220;T\u00fcrk D\u00fcnyas\u0131 Sanat\u00e7\u0131lar\u0131ndan Cumhuriyet Bayram\u0131 Konseri&#8221;, bu ak\u015fam Vahit Pa\u015fa Yazma Eser K\u00fct\u00fcphanesi\u2019nde yap\u0131ld\u0131. Programda Azerbaycan\u2019dan Ayg\u00fcn&#8230;<\/p>\n","protected":false},"author":1,"featured_media":64180,"comment_status":"open","ping_status":"open","sticky":false,"template":"","format":"standard","meta":{"_crdt_document":"","footnotes":""},"categories":[1],"tags":[],"class_list":["post-64179","post","type-post","status-publish","format-standard","has-post-thumbnail","hentry","category-guncel"],"_links":{"self":[{"href":"https:\/\/www.egemtv.com\/index.php?rest_route=\/wp\/v2\/posts\/64179","targetHints":{"allow":["GET"]}}],"collection":[{"href":"https:\/\/www.egemtv.com\/index.php?rest_route=\/wp\/v2\/posts"}],"about":[{"href":"https:\/\/www.egemtv.com\/index.php?rest_route=\/wp\/v2\/types\/post"}],"author":[{"embeddable":true,"href":"https:\/\/www.egemtv.com\/index.php?rest_route=\/wp\/v2\/users\/1"}],"replies":[{"embeddable":true,"href":"https:\/\/www.egemtv.com\/index.php?rest_route=%2Fwp%2Fv2%2Fcomments&post=64179"}],"version-history":[{"count":1,"href":"https:\/\/www.egemtv.com\/index.php?rest_route=\/wp\/v2\/posts\/64179\/revisions"}],"predecessor-version":[{"id":64181,"href":"https:\/\/www.egemtv.com\/index.php?rest_route=\/wp\/v2\/posts\/64179\/revisions\/64181"}],"wp:featuredmedia":[{"embeddable":true,"href":"https:\/\/www.egemtv.com\/index.php?rest_route=\/wp\/v2\/media\/64180"}],"wp:attachment":[{"href":"https:\/\/www.egemtv.com\/index.php?rest_route=%2Fwp%2Fv2%2Fmedia&parent=64179"}],"wp:term":[{"taxonomy":"category","embeddable":true,"href":"https:\/\/www.egemtv.com\/index.php?rest_route=%2Fwp%2Fv2%2Fcategories&post=64179"},{"taxonomy":"post_tag","embeddable":true,"href":"https:\/\/www.egemtv.com\/index.php?rest_route=%2Fwp%2Fv2%2Ftags&post=64179"}],"curies":[{"name":"wp","href":"https:\/\/api.w.org\/{rel}","templated":true}]}}