{"id":64176,"date":"2025-10-27T21:17:34","date_gmt":"2025-10-27T18:17:34","guid":{"rendered":"https:\/\/www.egemtv.com\/?p=64176"},"modified":"2025-10-27T21:17:36","modified_gmt":"2025-10-27T18:17:36","slug":"marmariste-silahli-catisma-olayinin-suphelileri-hakim-karsisina-cikti","status":"publish","type":"post","link":"https:\/\/www.egemtv.com\/?p=64176","title":{"rendered":"Marmaris\u2019te silahl\u0131 \u00e7at\u0131\u015fma olay\u0131n\u0131n \u015f\u00fcphelileri hakim kar\u015f\u0131s\u0131na \u00e7\u0131kt\u0131"},"content":{"rendered":"<p>MU\u011eLA (\u0130HA) \u2013 Mu\u011fla\u2019n\u0131n Marmaris il\u00e7esinde d\u00fcn \u00f6\u011fleden sonra  iki grup aras\u0131nda \u00e7\u0131kan silahl\u0131 \u00e7at\u0131\u015fman\u0131n ard\u0131ndan g\u00f6zalt\u0131na al\u0131nan 3 ki\u015fiden 2\u2019si bug\u00fcn \u00e7\u0131kar\u0131ld\u0131klar\u0131 mahkemece tutuklu yarg\u0131lanmak \u00fczere cezaevine g\u00f6nderildi.<\/p>\n<p>Olay, d\u00fcn \u00f6\u011fleden sonra \u00c7\u0131ld\u0131r Mahallesi 180 Sokak \u00fczerinde meydana geldi. Edinilen bilgiye g\u00f6re husumetli olduklar\u0131 \u00f6\u011frenilen T.B., H.H.\u00c7 ve T.B. sokakta kar\u015f\u0131la\u015ft\u0131. T.B. ve H.H.\u00c7. yanlar\u0131ndaki silahlar\u0131 \u00e7ekip sokak ortas\u0131nda ate\u015f a\u00e7t\u0131. Silah seslerinin duyulmas\u0131 \u00fczerine b\u00f6lgeye \u00e7ok say\u0131da polis ekibi sevk edildi. Yaralanan ve can kayb\u0131n\u0131n olmad\u0131\u011f\u0131 olayda \u00fc\u00e7 araca silahlardan \u00e7\u0131kan kur\u015funlar isabet etti. Marmaris \u0130l\u00e7e Emniyet M\u00fcd\u00fcrl\u00fc\u011f\u00fc\u2019ne ba\u011fl\u0131 Asayi\u015f B\u00fcro Amirli\u011fi ekiplerince yakalanarak, savc\u0131l\u0131k talimat\u0131 ile g\u00f6zalt\u0131na al\u0131nan 3 \u015fah\u0131s gerekli i\u015flemlerinin ard\u0131ndan adliyeye sevk edildi. Bug\u00fcn hakim kar\u015f\u0131s\u0131na \u00e7\u0131kan \u015f\u00fcphelilerden T.B serbest b\u0131rak\u0131l\u0131rken, H.H.\u00c7. ve T.B. tutuklu yarg\u0131lanmak \u00fczere cezaevine sevk edildi.<br \/><\/p>\n","protected":false},"excerpt":{"rendered":"<p>MU\u011eLA (\u0130HA) \u2013 Mu\u011fla\u2019n\u0131n Marmaris il\u00e7esinde d\u00fcn \u00f6\u011fleden sonra iki grup aras\u0131nda \u00e7\u0131kan silahl\u0131 \u00e7at\u0131\u015fman\u0131n ard\u0131ndan g\u00f6zalt\u0131na al\u0131nan 3 ki\u015fiden 2\u2019si bug\u00fcn \u00e7\u0131kar\u0131ld\u0131klar\u0131 mahkemece tutuklu yarg\u0131lanmak \u00fczere cezaevine g\u00f6nderildi. Olay, d\u00fcn \u00f6\u011fleden sonra \u00c7\u0131ld\u0131r Mahallesi 180 Sokak \u00fczerinde meydana geldi. Edinilen bilgiye g\u00f6re husumetli olduklar\u0131 \u00f6\u011frenilen T.B., H.H.\u00c7 ve T.B. sokakta kar\u015f\u0131la\u015ft\u0131. T.B. ve H.H.\u00c7&#8230;.<\/p>\n","protected":false},"author":1,"featured_media":64177,"comment_status":"open","ping_status":"open","sticky":false,"template":"","format":"standard","meta":{"_crdt_document":"","footnotes":""},"categories":[5],"tags":[],"class_list":["post-64176","post","type-post","status-publish","format-standard","has-post-thumbnail","hentry","category-asayis"],"_links":{"self":[{"href":"https:\/\/www.egemtv.com\/index.php?rest_route=\/wp\/v2\/posts\/64176","targetHints":{"allow":["GET"]}}],"collection":[{"href":"https:\/\/www.egemtv.com\/index.php?rest_route=\/wp\/v2\/posts"}],"about":[{"href":"https:\/\/www.egemtv.com\/index.php?rest_route=\/wp\/v2\/types\/post"}],"author":[{"embeddable":true,"href":"https:\/\/www.egemtv.com\/index.php?rest_route=\/wp\/v2\/users\/1"}],"replies":[{"embeddable":true,"href":"https:\/\/www.egemtv.com\/index.php?rest_route=%2Fwp%2Fv2%2Fcomments&post=64176"}],"version-history":[{"count":1,"href":"https:\/\/www.egemtv.com\/index.php?rest_route=\/wp\/v2\/posts\/64176\/revisions"}],"predecessor-version":[{"id":64178,"href":"https:\/\/www.egemtv.com\/index.php?rest_route=\/wp\/v2\/posts\/64176\/revisions\/64178"}],"wp:featuredmedia":[{"embeddable":true,"href":"https:\/\/www.egemtv.com\/index.php?rest_route=\/wp\/v2\/media\/64177"}],"wp:attachment":[{"href":"https:\/\/www.egemtv.com\/index.php?rest_route=%2Fwp%2Fv2%2Fmedia&parent=64176"}],"wp:term":[{"taxonomy":"category","embeddable":true,"href":"https:\/\/www.egemtv.com\/index.php?rest_route=%2Fwp%2Fv2%2Fcategories&post=64176"},{"taxonomy":"post_tag","embeddable":true,"href":"https:\/\/www.egemtv.com\/index.php?rest_route=%2Fwp%2Fv2%2Ftags&post=64176"}],"curies":[{"name":"wp","href":"https:\/\/api.w.org\/{rel}","templated":true}]}}