{"id":64173,"date":"2025-10-27T21:17:28","date_gmt":"2025-10-27T18:17:28","guid":{"rendered":"https:\/\/www.egemtv.com\/?p=64173"},"modified":"2025-10-27T21:17:32","modified_gmt":"2025-10-27T18:17:32","slug":"cumhuriyet-ilkokulundan-yesil-vatan-mesaji","status":"publish","type":"post","link":"https:\/\/www.egemtv.com\/?p=64173","title":{"rendered":"Cumhuriyet \u0130lkokulu\u2019ndan \u2019Ye\u015fil vatan\u2019 mesaj\u0131"},"content":{"rendered":"<p>Selendi Cumhuriyet \u0130lkokulu \u00f6\u011frencileri, \u00e7evre bilincini art\u0131rmak ve do\u011faya olan sevgilerini g\u00f6stermek amac\u0131yla d\u00fczenlenen &#8220;Ye\u015fil Vatan&#8221; etkinli\u011finde bir araya geldi.<br \/>\n<br \/>Manisa\u2019n\u0131n Selendi il\u00e7esinde \u00e7evre bilincini art\u0131rmak ve do\u011fa sevgisini peki\u015ftirmek amac\u0131yla Cumhuriyet \u0130lkokulunda &#8220;Ye\u015fil Vatan&#8221; temal\u0131 etkinlik d\u00fczenlendi.<br \/>\n<br \/>\u0130l\u00e7e Milli E\u011fitim M\u00fcd\u00fcr\u00fc Ahmet Ata\u015fman, \u0130l\u00e7e Milli E\u011fitim \u015eube M\u00fcd\u00fcr\u00fc Nermin \u00d6zalp, Okul M\u00fcd\u00fcr\u00fc Ak\u0131n \u00c7ekin ve M\u00fcd\u00fcr Yard\u0131mc\u0131s\u0131 Hamdi K\u0131l\u0131n\u00e7\u2019\u0131n da kat\u0131l\u0131m sa\u011flad\u0131\u011f\u0131 etkinlikte \u00f6\u011frenciler; resim boyama, \u015fiir okuma, ant i\u00e7me ve a\u011fa\u00e7 dikme gibi \u00e7e\u015fitli faaliyetlerle do\u011faya olan sevgilerini ifade ettiler.<br \/>\n<br \/>G\u00fcn boyu s\u00fcren etkinlikte \u00e7evreye duyarl\u0131 bireyler yeti\u015ftirilmesi amac\u0131yla fark\u0131ndal\u0131k \u00e7al\u0131\u015fmalar\u0131 yap\u0131ld\u0131. \u00d6\u011frenciler hem e\u011flendi hem de \u00e7evre koruman\u0131n \u00f6nemini \u00f6\u011frendikleri etkinlikte keyifli bir g\u00fcn ge\u00e7irmenin mutlulu\u011funu ya\u015fad\u0131.<br \/><\/p>\n","protected":false},"excerpt":{"rendered":"<p>Selendi Cumhuriyet \u0130lkokulu \u00f6\u011frencileri, \u00e7evre bilincini art\u0131rmak ve do\u011faya olan sevgilerini g\u00f6stermek amac\u0131yla d\u00fczenlenen &#8220;Ye\u015fil Vatan&#8221; etkinli\u011finde bir araya geldi. Manisa\u2019n\u0131n Selendi il\u00e7esinde \u00e7evre bilincini art\u0131rmak ve do\u011fa sevgisini peki\u015ftirmek amac\u0131yla Cumhuriyet \u0130lkokulunda &#8220;Ye\u015fil Vatan&#8221; temal\u0131 etkinlik d\u00fczenlendi. \u0130l\u00e7e Milli E\u011fitim M\u00fcd\u00fcr\u00fc Ahmet Ata\u015fman, \u0130l\u00e7e Milli E\u011fitim \u015eube M\u00fcd\u00fcr\u00fc Nermin \u00d6zalp, Okul M\u00fcd\u00fcr\u00fc Ak\u0131n \u00c7ekin&#8230;<\/p>\n","protected":false},"author":1,"featured_media":64174,"comment_status":"open","ping_status":"open","sticky":false,"template":"","format":"standard","meta":{"_crdt_document":"","footnotes":""},"categories":[1],"tags":[],"class_list":["post-64173","post","type-post","status-publish","format-standard","has-post-thumbnail","hentry","category-guncel"],"_links":{"self":[{"href":"https:\/\/www.egemtv.com\/index.php?rest_route=\/wp\/v2\/posts\/64173","targetHints":{"allow":["GET"]}}],"collection":[{"href":"https:\/\/www.egemtv.com\/index.php?rest_route=\/wp\/v2\/posts"}],"about":[{"href":"https:\/\/www.egemtv.com\/index.php?rest_route=\/wp\/v2\/types\/post"}],"author":[{"embeddable":true,"href":"https:\/\/www.egemtv.com\/index.php?rest_route=\/wp\/v2\/users\/1"}],"replies":[{"embeddable":true,"href":"https:\/\/www.egemtv.com\/index.php?rest_route=%2Fwp%2Fv2%2Fcomments&post=64173"}],"version-history":[{"count":1,"href":"https:\/\/www.egemtv.com\/index.php?rest_route=\/wp\/v2\/posts\/64173\/revisions"}],"predecessor-version":[{"id":64175,"href":"https:\/\/www.egemtv.com\/index.php?rest_route=\/wp\/v2\/posts\/64173\/revisions\/64175"}],"wp:featuredmedia":[{"embeddable":true,"href":"https:\/\/www.egemtv.com\/index.php?rest_route=\/wp\/v2\/media\/64174"}],"wp:attachment":[{"href":"https:\/\/www.egemtv.com\/index.php?rest_route=%2Fwp%2Fv2%2Fmedia&parent=64173"}],"wp:term":[{"taxonomy":"category","embeddable":true,"href":"https:\/\/www.egemtv.com\/index.php?rest_route=%2Fwp%2Fv2%2Fcategories&post=64173"},{"taxonomy":"post_tag","embeddable":true,"href":"https:\/\/www.egemtv.com\/index.php?rest_route=%2Fwp%2Fv2%2Ftags&post=64173"}],"curies":[{"name":"wp","href":"https:\/\/api.w.org\/{rel}","templated":true}]}}