{"id":64170,"date":"2025-10-27T20:55:21","date_gmt":"2025-10-27T17:55:21","guid":{"rendered":"https:\/\/www.egemtv.com\/?p=64170"},"modified":"2025-10-27T20:55:23","modified_gmt":"2025-10-27T17:55:23","slug":"usak-universitesinde-beyaz-onluk-giyme-heyecani-yasandi","status":"publish","type":"post","link":"https:\/\/www.egemtv.com\/?p=64170","title":{"rendered":"U\u015fak \u00dcniversitesinde \u2018Beyaz \u00d6nl\u00fck Giyme\u2019 heyecan\u0131 ya\u015fand\u0131"},"content":{"rendered":"<p>U\u015fak \u00dcniversitesi T\u0131p Fak\u00fcltesi\u2019nin 1. D\u00f6nem &#8220;Beyaz \u00d6nl\u00fck Giyme T\u00f6reni&#8221; Recep Tayyip Erdo\u011fan Kongre ve K\u00fclt\u00fcr Merkezi\u2019nde d\u00fczenlendi. T\u00f6rene U\u015fak \u00dcniversitesi Rekt\u00f6r Yard\u0131mc\u0131lar\u0131 Prof. Dr. Kenan Ta\u015f ve Prof. Dr. Osman Birgin, T\u0131p Fak\u00fcltesi Dekan\u0131 Prof. Dr. Hanefi \u00d6zbek, akademik ve idari personel, \u00f6\u011frenciler ile aileleri kat\u0131ld\u0131.<br \/>\n<br \/>Program, sayg\u0131 duru\u015fu ve \u0130stikl\u00e2l Mar\u015f\u0131\u2019n\u0131n okunmas\u0131yla ba\u015flad\u0131. A\u00e7\u0131l\u0131\u015f konu\u015fmas\u0131n\u0131 yapan Rekt\u00f6r Yard\u0131mc\u0131s\u0131 Prof. Dr. Kenan Ta\u015f, t\u00f6rende yapt\u0131\u011f\u0131 konu\u015fmada, gen\u00e7 hekim adaylar\u0131n\u0131n meslek hayat\u0131na ilk ad\u0131mlar\u0131n\u0131 atmalar\u0131n\u0131n \u00f6nemine de\u011findi.<br \/>\n<br \/>Prof. Dr. Ta\u015f, &#8220;Geleneksel Beyaz \u00d6nl\u00fck Giyme T\u00f6reni\u2019nde hepinizi \u015fahs\u0131m ve U\u015fak \u00dcniversitesi Rekt\u00f6r\u00fc ad\u0131na en i\u00e7ten duygular\u0131mla selaml\u0131yorum. Gen\u00e7 hekim adaylar\u0131, bu \u00f6nl\u00fc\u011f\u00fc giymek art\u0131k insan hayat\u0131n\u0131n sorumlulu\u011funu da ta\u015f\u0131maya haz\u0131r\u0131m anlam\u0131na geliyor. Bilimsel bilgiler kadar etik de\u011fer, empati ve insan sevgisi de bu mesle\u011fin \u00f6z\u00fcn\u00fc olu\u015fturur. Bug\u00fcn giydi\u011finiz beyaz \u00f6nl\u00fck, size bilimin \u0131\u015f\u0131\u011f\u0131n\u0131, vicdan\u0131n sesini ve insanl\u0131\u011fa hizmet etme g\u00f6revini hat\u0131rlatacak. T\u00fcm \u00f6\u011frencilerimizi g\u00f6n\u00fclden kutluyorum, yolunuz a\u00e7\u0131k, y\u00fcre\u011finiz ayd\u0131nl\u0131k olsun.&#8221; Dedi.<br \/>\n<br \/>Ard\u0131ndan k\u00fcrs\u00fcye \u00e7\u0131kan T\u0131p Fak\u00fcltesi Dekan\u0131 Prof. Dr. Hanefi \u00d6zbek, sa\u011fl\u0131k mesle\u011finin \u00f6nemine vurgu yaparak, gen\u00e7 hekimlere \u015fu tavsiyelerde bulundu; &#8220;Baz\u0131 meslekler devlet ve millet i\u00e7in \u00e7ok \u00f6nemlidir. \u00d6\u011fretmenlik, savunma, hukuk ve sa\u011fl\u0131k alanlar\u0131 bunlar\u0131n ba\u015f\u0131nda gelir. \u0130nsanlar\u0131n can\u0131 ve namusu size emanettir. L\u00fctfen kendinize bir u\u011fra\u015f alan\u0131 se\u00e7in; \u00e7\u00fcnk\u00fc mesle\u011finizde herkes size sorunlar\u0131yla gelecektir. Unutmay\u0131n ki t\u0131bba ba\u015flad\u0131\u011f\u0131n\u0131z andan itibaren hekimsiniz ve \u00f6lene kadar da \u00f6\u011frencisiniz. Hepinize hay\u0131rl\u0131 olsun.&#8221; dedi.<br \/>\n<br \/>Konu\u015fmalar\u0131n ard\u0131ndan, T\u0131p Fak\u00fcltesi 1. d\u00f6nem \u00f6\u011frencilerinden Esma \u0130lkdo\u011fan ney dinletisi ger\u00e7ekle\u015ftirdi.<br \/>\n<br \/>Program\u0131n devam\u0131nda 135 birinci d\u00f6nem \u00f6\u011frencisi sahneye davet edilerek beyaz \u00f6nl\u00fcklerini giydi. Beyaz \u00f6nl\u00fcklerini giyen \u00f6\u011frenciler, ard\u0131ndan &#8220;Beyaz \u00d6nl\u00fck Yemini&#8221;ni ederek program\u0131 sonland\u0131rd\u0131.<br \/><\/p>\n","protected":false},"excerpt":{"rendered":"<p>U\u015fak \u00dcniversitesi T\u0131p Fak\u00fcltesi\u2019nin 1. D\u00f6nem &#8220;Beyaz \u00d6nl\u00fck Giyme T\u00f6reni&#8221; Recep Tayyip Erdo\u011fan Kongre ve K\u00fclt\u00fcr Merkezi\u2019nde d\u00fczenlendi. T\u00f6rene U\u015fak \u00dcniversitesi Rekt\u00f6r Yard\u0131mc\u0131lar\u0131 Prof. Dr. Kenan Ta\u015f ve Prof. Dr. Osman Birgin, T\u0131p Fak\u00fcltesi Dekan\u0131 Prof. Dr. Hanefi \u00d6zbek, akademik ve idari personel, \u00f6\u011frenciler ile aileleri kat\u0131ld\u0131. Program, sayg\u0131 duru\u015fu ve \u0130stikl\u00e2l Mar\u015f\u0131\u2019n\u0131n okunmas\u0131yla ba\u015flad\u0131&#8230;.<\/p>\n","protected":false},"author":1,"featured_media":64171,"comment_status":"open","ping_status":"open","sticky":false,"template":"","format":"standard","meta":{"_crdt_document":"","footnotes":""},"categories":[1],"tags":[],"class_list":["post-64170","post","type-post","status-publish","format-standard","has-post-thumbnail","hentry","category-guncel"],"_links":{"self":[{"href":"https:\/\/www.egemtv.com\/index.php?rest_route=\/wp\/v2\/posts\/64170","targetHints":{"allow":["GET"]}}],"collection":[{"href":"https:\/\/www.egemtv.com\/index.php?rest_route=\/wp\/v2\/posts"}],"about":[{"href":"https:\/\/www.egemtv.com\/index.php?rest_route=\/wp\/v2\/types\/post"}],"author":[{"embeddable":true,"href":"https:\/\/www.egemtv.com\/index.php?rest_route=\/wp\/v2\/users\/1"}],"replies":[{"embeddable":true,"href":"https:\/\/www.egemtv.com\/index.php?rest_route=%2Fwp%2Fv2%2Fcomments&post=64170"}],"version-history":[{"count":1,"href":"https:\/\/www.egemtv.com\/index.php?rest_route=\/wp\/v2\/posts\/64170\/revisions"}],"predecessor-version":[{"id":64172,"href":"https:\/\/www.egemtv.com\/index.php?rest_route=\/wp\/v2\/posts\/64170\/revisions\/64172"}],"wp:featuredmedia":[{"embeddable":true,"href":"https:\/\/www.egemtv.com\/index.php?rest_route=\/wp\/v2\/media\/64171"}],"wp:attachment":[{"href":"https:\/\/www.egemtv.com\/index.php?rest_route=%2Fwp%2Fv2%2Fmedia&parent=64170"}],"wp:term":[{"taxonomy":"category","embeddable":true,"href":"https:\/\/www.egemtv.com\/index.php?rest_route=%2Fwp%2Fv2%2Fcategories&post=64170"},{"taxonomy":"post_tag","embeddable":true,"href":"https:\/\/www.egemtv.com\/index.php?rest_route=%2Fwp%2Fv2%2Ftags&post=64170"}],"curies":[{"name":"wp","href":"https:\/\/api.w.org\/{rel}","templated":true}]}}