{"id":64167,"date":"2025-10-27T19:15:13","date_gmt":"2025-10-27T16:15:13","guid":{"rendered":"https:\/\/www.egemtv.com\/?p=64167"},"modified":"2025-10-27T19:15:26","modified_gmt":"2025-10-27T16:15:26","slug":"is-yerinde-basindan-vurulmus-halde-bulundu","status":"publish","type":"post","link":"https:\/\/www.egemtv.com\/?p=64167","title":{"rendered":"\u0130\u015f yerinde ba\u015f\u0131ndan vurulmu\u015f halde bulundu"},"content":{"rendered":"<p>Ayd\u0131n\u2019\u0131n Efeler il\u00e7esinde bir \u015fah\u0131s, i\u015f yerinde ba\u015f\u0131ndan silahla vurulmu\u015f halde bulundu. A\u011f\u0131r yaralanan \u015fah\u0131s hastanede tedavi alt\u0131na al\u0131nd\u0131.<br \/>\n<br \/>Olay, Yedi Eyl\u00fcl Mahallesi Mu\u011fla Bulvar\u0131 \u00fczerindeki bir akaryak\u0131t istasyonu i\u00e7erisinde bulunan i\u015f yerinde saat 16.30 s\u0131ralar\u0131nda meydana geldi. Edinilen bilgiye g\u00f6re, silah sesi \u00fczerine A.\u0130.\u2019n\u0131n (31) bulundu\u011fu alana giden i\u015f yeri \u00e7al\u0131\u015fanlar\u0131 \u015fahs\u0131 ba\u015f\u0131ndan silahla vurulmu\u015f olarak yerde yatarken buldu. Durumun 112 Acil \u00c7a\u011fr\u0131 Merkezi\u2019ne bildirilmesi \u00fczerine olay yerine sa\u011fl\u0131k ve polis ekipleri sevk edildi. K\u0131sa s\u00fcrede olay yerine gelen sa\u011fl\u0131k ekipleri, A.\u0130.\u2019ye ilk m\u00fcdahaleyi yaparak ambulansla hastaneye kald\u0131rd\u0131. Olay\u0131 haber alarak gelen yak\u0131nlar\u0131 ise g\u00f6zya\u015flar\u0131na hakim olamad\u0131. Hastanede tedavi alt\u0131na al\u0131nan A.\u0130.\u2019nin durumunun a\u011f\u0131r oldu\u011fu ve hayati tehlikesinin bulundu\u011fu \u00f6\u011frenildi.<br \/>\n<br \/>Olayla ilgili soru\u015fturma s\u00fcr\u00fcyor.<br \/><\/p>\n","protected":false},"excerpt":{"rendered":"<p>Ayd\u0131n\u2019\u0131n Efeler il\u00e7esinde bir \u015fah\u0131s, i\u015f yerinde ba\u015f\u0131ndan silahla vurulmu\u015f halde bulundu. A\u011f\u0131r yaralanan \u015fah\u0131s hastanede tedavi alt\u0131na al\u0131nd\u0131. Olay, Yedi Eyl\u00fcl Mahallesi Mu\u011fla Bulvar\u0131 \u00fczerindeki bir akaryak\u0131t istasyonu i\u00e7erisinde bulunan i\u015f yerinde saat 16.30 s\u0131ralar\u0131nda meydana geldi. Edinilen bilgiye g\u00f6re, silah sesi \u00fczerine A.\u0130.\u2019n\u0131n (31) bulundu\u011fu alana giden i\u015f yeri \u00e7al\u0131\u015fanlar\u0131 \u015fahs\u0131 ba\u015f\u0131ndan silahla&#8230;<\/p>\n","protected":false},"author":1,"featured_media":64168,"comment_status":"open","ping_status":"open","sticky":false,"template":"","format":"standard","meta":{"_crdt_document":"","footnotes":""},"categories":[5],"tags":[],"class_list":["post-64167","post","type-post","status-publish","format-standard","has-post-thumbnail","hentry","category-asayis"],"_links":{"self":[{"href":"https:\/\/www.egemtv.com\/index.php?rest_route=\/wp\/v2\/posts\/64167","targetHints":{"allow":["GET"]}}],"collection":[{"href":"https:\/\/www.egemtv.com\/index.php?rest_route=\/wp\/v2\/posts"}],"about":[{"href":"https:\/\/www.egemtv.com\/index.php?rest_route=\/wp\/v2\/types\/post"}],"author":[{"embeddable":true,"href":"https:\/\/www.egemtv.com\/index.php?rest_route=\/wp\/v2\/users\/1"}],"replies":[{"embeddable":true,"href":"https:\/\/www.egemtv.com\/index.php?rest_route=%2Fwp%2Fv2%2Fcomments&post=64167"}],"version-history":[{"count":1,"href":"https:\/\/www.egemtv.com\/index.php?rest_route=\/wp\/v2\/posts\/64167\/revisions"}],"predecessor-version":[{"id":64169,"href":"https:\/\/www.egemtv.com\/index.php?rest_route=\/wp\/v2\/posts\/64167\/revisions\/64169"}],"wp:featuredmedia":[{"embeddable":true,"href":"https:\/\/www.egemtv.com\/index.php?rest_route=\/wp\/v2\/media\/64168"}],"wp:attachment":[{"href":"https:\/\/www.egemtv.com\/index.php?rest_route=%2Fwp%2Fv2%2Fmedia&parent=64167"}],"wp:term":[{"taxonomy":"category","embeddable":true,"href":"https:\/\/www.egemtv.com\/index.php?rest_route=%2Fwp%2Fv2%2Fcategories&post=64167"},{"taxonomy":"post_tag","embeddable":true,"href":"https:\/\/www.egemtv.com\/index.php?rest_route=%2Fwp%2Fv2%2Ftags&post=64167"}],"curies":[{"name":"wp","href":"https:\/\/api.w.org\/{rel}","templated":true}]}}