{"id":64164,"date":"2025-10-27T18:54:50","date_gmt":"2025-10-27T15:54:50","guid":{"rendered":"https:\/\/www.egemtv.com\/?p=64164"},"modified":"2025-10-27T18:54:52","modified_gmt":"2025-10-27T15:54:52","slug":"kutahya-gastronomi-festivali-basladi","status":"publish","type":"post","link":"https:\/\/www.egemtv.com\/?p=64164","title":{"rendered":"K\u00fctahya Gastronomi Festivali ba\u015flad\u0131"},"content":{"rendered":"<p>K\u00fctahya Belediyesi taraf\u0131ndan d\u00fczenlenen 2. K\u00fctahya Gastronomi Festivali belediye bah\u00e7esinde ba\u015flad\u0131. Y\u00f6resel lezzetlerin tan\u0131t\u0131ld\u0131\u011f\u0131, \u00fcnl\u00fc \u015feflerin ve vatanda\u015flar\u0131n bir araya geldi\u011fi festival, renkli etkinliklere sahne oldu.<br \/>\n<br \/>Festivalin ilk g\u00fcn\u00fcnde &#8220;Y\u00f6resel Lezzetler Yemek Yar\u0131\u015fmas\u0131&#8221; ger\u00e7ekle\u015ftirildi. Ard\u0131ndan &#8220;K\u00fctahya Co\u011frafi \u0130\u015faretli Et Yemekleri&#8221; konulu panel d\u00fczenlendi. \u015eef Ayvaz Akbacak moderat\u00f6rl\u00fc\u011f\u00fcnde ger\u00e7ekle\u015fen panele \u00fcnl\u00fc \u015fefler Bedri Usta, Mehmet Fatih Kalayc\u0131o\u011flu, Milhan Erdem, Necati G\u00fcnd\u00fcz ve \u00d6zlem Mekik konu\u015fmac\u0131 olarak kat\u0131ld\u0131. \u015eef Emine Beder \u00f6nc\u00fcl\u00fc\u011f\u00fcnde yap\u0131lan at\u00f6lye \u00e7al\u0131\u015fmas\u0131nda, K\u00fctahya\u2019ya \u00f6zg\u00fc \u2019dolamber b\u00f6re\u011fi\u2019 ve \u2019tosunum\u2019 yeme\u011finin yap\u0131m\u0131 anlat\u0131ld\u0131. At\u00f6lyeye Ey\u00fcp Kahveci ve \u015eef Esra Tokelli de e\u015flik etti. Festival alan\u0131nda vatanda\u015flara ayr\u0131ca K\u00fctahya\u2019n\u0131n \u00fcnl\u00fc \u2019k\u0131z\u0131lc\u0131k \u00e7orbas\u0131\u2019 ikram edildi.<br \/>\n<br \/>Etkinlik alan\u0131nda g\u00fcn boyu \u015fi\u015fme oyun alanlar\u0131, y\u00fcz boyama etkinlikleri ve \u00e7ocuk e\u011flenceleri ile minikler de festivalin keyfini \u00e7\u0131kard\u0131. \u0130kram saatiyle birlikte festivalin ilk g\u00fcn\u00fc renkli g\u00f6r\u00fcnt\u00fclere sahne oldu.<br \/>\n<br \/>K\u00fctahya Belediye Ba\u015fkan\u0131 Ey\u00fcp Kahveci, festivalin amac\u0131n\u0131n K\u00fctahya\u2019n\u0131n zengin gastronomi k\u00fclt\u00fcr\u00fcn\u00fc tan\u0131tmak oldu\u011funu belirterek, &#8220;Bu \u015fehirde eme\u011fiyle, lezzetiyle, k\u00fclt\u00fcr\u00fcyle bir araya gelen herkese te\u015fekk\u00fcr ediyorum. \u0130\u015fimiz g\u00fcc\u00fcm\u00fcz K\u00fctahya. Festivalimiz iki g\u00fcn s\u00fcrecek&#8221; dedi.<br \/><\/p>\n","protected":false},"excerpt":{"rendered":"<p>K\u00fctahya Belediyesi taraf\u0131ndan d\u00fczenlenen 2. K\u00fctahya Gastronomi Festivali belediye bah\u00e7esinde ba\u015flad\u0131. Y\u00f6resel lezzetlerin tan\u0131t\u0131ld\u0131\u011f\u0131, \u00fcnl\u00fc \u015feflerin ve vatanda\u015flar\u0131n bir araya geldi\u011fi festival, renkli etkinliklere sahne oldu. Festivalin ilk g\u00fcn\u00fcnde &#8220;Y\u00f6resel Lezzetler Yemek Yar\u0131\u015fmas\u0131&#8221; ger\u00e7ekle\u015ftirildi. Ard\u0131ndan &#8220;K\u00fctahya Co\u011frafi \u0130\u015faretli Et Yemekleri&#8221; konulu panel d\u00fczenlendi. \u015eef Ayvaz Akbacak moderat\u00f6rl\u00fc\u011f\u00fcnde ger\u00e7ekle\u015fen panele \u00fcnl\u00fc \u015fefler Bedri Usta, Mehmet Fatih&#8230;<\/p>\n","protected":false},"author":1,"featured_media":64165,"comment_status":"open","ping_status":"open","sticky":false,"template":"","format":"standard","meta":{"_crdt_document":"","footnotes":""},"categories":[1],"tags":[],"class_list":["post-64164","post","type-post","status-publish","format-standard","has-post-thumbnail","hentry","category-guncel"],"_links":{"self":[{"href":"https:\/\/www.egemtv.com\/index.php?rest_route=\/wp\/v2\/posts\/64164","targetHints":{"allow":["GET"]}}],"collection":[{"href":"https:\/\/www.egemtv.com\/index.php?rest_route=\/wp\/v2\/posts"}],"about":[{"href":"https:\/\/www.egemtv.com\/index.php?rest_route=\/wp\/v2\/types\/post"}],"author":[{"embeddable":true,"href":"https:\/\/www.egemtv.com\/index.php?rest_route=\/wp\/v2\/users\/1"}],"replies":[{"embeddable":true,"href":"https:\/\/www.egemtv.com\/index.php?rest_route=%2Fwp%2Fv2%2Fcomments&post=64164"}],"version-history":[{"count":1,"href":"https:\/\/www.egemtv.com\/index.php?rest_route=\/wp\/v2\/posts\/64164\/revisions"}],"predecessor-version":[{"id":64166,"href":"https:\/\/www.egemtv.com\/index.php?rest_route=\/wp\/v2\/posts\/64164\/revisions\/64166"}],"wp:featuredmedia":[{"embeddable":true,"href":"https:\/\/www.egemtv.com\/index.php?rest_route=\/wp\/v2\/media\/64165"}],"wp:attachment":[{"href":"https:\/\/www.egemtv.com\/index.php?rest_route=%2Fwp%2Fv2%2Fmedia&parent=64164"}],"wp:term":[{"taxonomy":"category","embeddable":true,"href":"https:\/\/www.egemtv.com\/index.php?rest_route=%2Fwp%2Fv2%2Fcategories&post=64164"},{"taxonomy":"post_tag","embeddable":true,"href":"https:\/\/www.egemtv.com\/index.php?rest_route=%2Fwp%2Fv2%2Ftags&post=64164"}],"curies":[{"name":"wp","href":"https:\/\/api.w.org\/{rel}","templated":true}]}}