{"id":64161,"date":"2025-10-27T17:54:48","date_gmt":"2025-10-27T14:54:48","guid":{"rendered":"https:\/\/www.egemtv.com\/?p=64161"},"modified":"2025-10-27T17:54:52","modified_gmt":"2025-10-27T14:54:52","slug":"balkondan-dustugu-sanildi-fenalastigi-ortaya-cikti","status":"publish","type":"post","link":"https:\/\/www.egemtv.com\/?p=64161","title":{"rendered":"Balkondan d\u00fc\u015ft\u00fc\u011f\u00fc san\u0131ld\u0131 fenala\u015ft\u0131\u011f\u0131 ortaya \u00e7\u0131kt\u0131"},"content":{"rendered":"<p>Ayd\u0131n\u2019\u0131n Efeler il\u00e7esinde bir gen\u00e7 k\u0131z\u0131n balkon d\u00fc\u015ft\u00fc\u011f\u00fc san\u0131ld\u0131, ekiplerin olay yerine gelmesinin ard\u0131ndan gen\u00e7 k\u0131z\u0131n kulland\u0131\u011f\u0131 ila\u00e7 y\u00fcz\u00fcnden fenala\u015ft\u0131\u011f\u0131 ortaya \u00e7\u0131kt\u0131.<\/p>\n<p>Olay, Efeler il\u00e7esi Zafer Mahallesi 133 Sokak \u00fczerinde meydana geldi. Edinilen bilgiye g\u00f6re m\u00fcstakil bir evin bah\u00e7e k\u0131sm\u0131nda gen\u00e7 bir k\u0131z\u0131n yerde yatt\u0131\u011f\u0131n\u0131 g\u00f6ren ve sesleri duyan vatanda\u015flar, gen\u00e7 k\u0131z\u0131n balkondan d\u00fc\u015ft\u00fc\u011f\u00fcn\u00fc sanarak durumu 112 Acil \u00c7a\u011fr\u0131 Merkezi\u2019ne bildirdi. \u0130hbar \u00fczerine b\u00f6lgeye polis ve sa\u011fl\u0131k ekipleri sevk edildi. K\u0131sa s\u00fcrede olay yerine gelen sa\u011fl\u0131k ekipleri, gen\u00e7 k\u0131za ilk m\u00fcdahaleyi yaparken, gen\u00e7 k\u0131z\u0131n kulland\u0131\u011f\u0131 ila\u00e7 y\u00fcz\u00fcnden fenala\u015ft\u0131\u011f\u0131 \u00f6\u011frenildi. \u0130lk m\u00fcdahalenin ard\u0131ndan gen\u00e7 k\u0131z ambulansla hastaneye kald\u0131r\u0131l\u0131rken, olayla ilgili inceleme ba\u015flat\u0131ld\u0131.<br \/><\/p>\n","protected":false},"excerpt":{"rendered":"<p>Ayd\u0131n\u2019\u0131n Efeler il\u00e7esinde bir gen\u00e7 k\u0131z\u0131n balkon d\u00fc\u015ft\u00fc\u011f\u00fc san\u0131ld\u0131, ekiplerin olay yerine gelmesinin ard\u0131ndan gen\u00e7 k\u0131z\u0131n kulland\u0131\u011f\u0131 ila\u00e7 y\u00fcz\u00fcnden fenala\u015ft\u0131\u011f\u0131 ortaya \u00e7\u0131kt\u0131. Olay, Efeler il\u00e7esi Zafer Mahallesi 133 Sokak \u00fczerinde meydana geldi. Edinilen bilgiye g\u00f6re m\u00fcstakil bir evin bah\u00e7e k\u0131sm\u0131nda gen\u00e7 bir k\u0131z\u0131n yerde yatt\u0131\u011f\u0131n\u0131 g\u00f6ren ve sesleri duyan vatanda\u015flar, gen\u00e7 k\u0131z\u0131n balkondan d\u00fc\u015ft\u00fc\u011f\u00fcn\u00fc sanarak&#8230;<\/p>\n","protected":false},"author":1,"featured_media":64162,"comment_status":"open","ping_status":"open","sticky":false,"template":"","format":"standard","meta":{"_crdt_document":"","footnotes":""},"categories":[5],"tags":[],"class_list":["post-64161","post","type-post","status-publish","format-standard","has-post-thumbnail","hentry","category-asayis"],"_links":{"self":[{"href":"https:\/\/www.egemtv.com\/index.php?rest_route=\/wp\/v2\/posts\/64161","targetHints":{"allow":["GET"]}}],"collection":[{"href":"https:\/\/www.egemtv.com\/index.php?rest_route=\/wp\/v2\/posts"}],"about":[{"href":"https:\/\/www.egemtv.com\/index.php?rest_route=\/wp\/v2\/types\/post"}],"author":[{"embeddable":true,"href":"https:\/\/www.egemtv.com\/index.php?rest_route=\/wp\/v2\/users\/1"}],"replies":[{"embeddable":true,"href":"https:\/\/www.egemtv.com\/index.php?rest_route=%2Fwp%2Fv2%2Fcomments&post=64161"}],"version-history":[{"count":1,"href":"https:\/\/www.egemtv.com\/index.php?rest_route=\/wp\/v2\/posts\/64161\/revisions"}],"predecessor-version":[{"id":64163,"href":"https:\/\/www.egemtv.com\/index.php?rest_route=\/wp\/v2\/posts\/64161\/revisions\/64163"}],"wp:featuredmedia":[{"embeddable":true,"href":"https:\/\/www.egemtv.com\/index.php?rest_route=\/wp\/v2\/media\/64162"}],"wp:attachment":[{"href":"https:\/\/www.egemtv.com\/index.php?rest_route=%2Fwp%2Fv2%2Fmedia&parent=64161"}],"wp:term":[{"taxonomy":"category","embeddable":true,"href":"https:\/\/www.egemtv.com\/index.php?rest_route=%2Fwp%2Fv2%2Fcategories&post=64161"},{"taxonomy":"post_tag","embeddable":true,"href":"https:\/\/www.egemtv.com\/index.php?rest_route=%2Fwp%2Fv2%2Ftags&post=64161"}],"curies":[{"name":"wp","href":"https:\/\/api.w.org\/{rel}","templated":true}]}}