{"id":64158,"date":"2025-10-27T16:55:57","date_gmt":"2025-10-27T13:55:57","guid":{"rendered":"https:\/\/www.egemtv.com\/?p=64158"},"modified":"2025-10-27T16:56:00","modified_gmt":"2025-10-27T13:56:00","slug":"kirkagacta-cumhuriyet-bayrami-coskusu-cimnastikle-kutlandi","status":"publish","type":"post","link":"https:\/\/www.egemtv.com\/?p=64158","title":{"rendered":"K\u0131rka\u011fa\u00e7\u2019ta Cumhuriyet Bayram\u0131 co\u015fkusu cimnastikle kutland\u0131"},"content":{"rendered":"<p>K\u0131rka\u011fa\u00e7\u2019ta d\u00fczenlenen 29 Ekim Cumhuriyet Bayram\u0131 Artistik Cimnastik Turnuvas\u0131\u2019nda 300\u2019e yak\u0131n sporcu k\u0131yas\u0131ya m\u00fccadele etti. \u015eampiyon sporcular\u0131n da destek verdi\u011fi organizasyonda madalyalar sahiplerini buldu.<br \/>\n<br \/>Manisa Cimnastik \u0130l Temsilcili\u011fi faaliyet program\u0131nda yer alan 29 Ekim Cumhuriyet Bayram\u0131 Artistik Cimnastik Turnuvas\u0131 K\u0131rka\u011fa\u00e7\u2019ta b\u00fcy\u00fck bir co\u015fkuyla ger\u00e7ekle\u015ftirildi.<br \/>\n<br \/>K\u0131rka\u011fa\u00e7 \u0130l\u00e7e M\u00fcd\u00fcrl\u00fc\u011f\u00fc ev sahipli\u011finde d\u00fczenlenen turnuvaya yakla\u015f\u0131k 300 sporcu kat\u0131ld\u0131. Minikler, y\u0131ld\u0131zlar ve gen\u00e7ler kategorilerinde yap\u0131lan yar\u0131\u015fmalarda sporcular, Cumhuriyet Bayram\u0131\u2019n\u0131n co\u015fkusunu cimnastik g\u00f6sterileriyle ta\u00e7land\u0131rd\u0131. Dereceye giren sporcular kupa ve madalyalar\u0131n\u0131 d\u00fczenlenen t\u00f6renle ald\u0131.<br \/>\n<br \/>Turnuvaya destek veren D\u00fcnya ve Avrupa \u015eampiyonu \u0130brahim \u00c7olak, Trampolin Cimnastik Teknik Kurul \u00dcyesi G\u00fcrkan Mutlu, Artistik Cimnastik eski milli sporcusu Demet Mutlu ve Trampolin Cimnastik eski milli tak\u0131m sporcusu antren\u00f6r Atakan G\u00fcly\u00fcz\u2019e te\u015fekk\u00fcr edildi.<br \/>\n<br \/>Manisa Gen\u00e7lik ve Spor \u0130l M\u00fcd\u00fcr\u00fc Yunus \u00d6zt\u00fcrk\u2019e cimnastik bran\u015f\u0131na verdi\u011fi desteklerden dolay\u0131 te\u015fekk\u00fcr eden \u0130l Temsilcisi Fatma Tuba Didin, turnuvan\u0131n gen\u00e7 sporcular i\u00e7in \u00f6nemli bir deneyim oldu\u011funu vurgulad\u0131.<br \/><\/p>\n","protected":false},"excerpt":{"rendered":"<p>K\u0131rka\u011fa\u00e7\u2019ta d\u00fczenlenen 29 Ekim Cumhuriyet Bayram\u0131 Artistik Cimnastik Turnuvas\u0131\u2019nda 300\u2019e yak\u0131n sporcu k\u0131yas\u0131ya m\u00fccadele etti. \u015eampiyon sporcular\u0131n da destek verdi\u011fi organizasyonda madalyalar sahiplerini buldu. Manisa Cimnastik \u0130l Temsilcili\u011fi faaliyet program\u0131nda yer alan 29 Ekim Cumhuriyet Bayram\u0131 Artistik Cimnastik Turnuvas\u0131 K\u0131rka\u011fa\u00e7\u2019ta b\u00fcy\u00fck bir co\u015fkuyla ger\u00e7ekle\u015ftirildi. K\u0131rka\u011fa\u00e7 \u0130l\u00e7e M\u00fcd\u00fcrl\u00fc\u011f\u00fc ev sahipli\u011finde d\u00fczenlenen turnuvaya yakla\u015f\u0131k 300 sporcu kat\u0131ld\u0131&#8230;.<\/p>\n","protected":false},"author":1,"featured_media":64159,"comment_status":"open","ping_status":"open","sticky":false,"template":"","format":"standard","meta":{"_crdt_document":"","footnotes":""},"categories":[4],"tags":[],"class_list":["post-64158","post","type-post","status-publish","format-standard","has-post-thumbnail","hentry","category-spor"],"_links":{"self":[{"href":"https:\/\/www.egemtv.com\/index.php?rest_route=\/wp\/v2\/posts\/64158","targetHints":{"allow":["GET"]}}],"collection":[{"href":"https:\/\/www.egemtv.com\/index.php?rest_route=\/wp\/v2\/posts"}],"about":[{"href":"https:\/\/www.egemtv.com\/index.php?rest_route=\/wp\/v2\/types\/post"}],"author":[{"embeddable":true,"href":"https:\/\/www.egemtv.com\/index.php?rest_route=\/wp\/v2\/users\/1"}],"replies":[{"embeddable":true,"href":"https:\/\/www.egemtv.com\/index.php?rest_route=%2Fwp%2Fv2%2Fcomments&post=64158"}],"version-history":[{"count":1,"href":"https:\/\/www.egemtv.com\/index.php?rest_route=\/wp\/v2\/posts\/64158\/revisions"}],"predecessor-version":[{"id":64160,"href":"https:\/\/www.egemtv.com\/index.php?rest_route=\/wp\/v2\/posts\/64158\/revisions\/64160"}],"wp:featuredmedia":[{"embeddable":true,"href":"https:\/\/www.egemtv.com\/index.php?rest_route=\/wp\/v2\/media\/64159"}],"wp:attachment":[{"href":"https:\/\/www.egemtv.com\/index.php?rest_route=%2Fwp%2Fv2%2Fmedia&parent=64158"}],"wp:term":[{"taxonomy":"category","embeddable":true,"href":"https:\/\/www.egemtv.com\/index.php?rest_route=%2Fwp%2Fv2%2Fcategories&post=64158"},{"taxonomy":"post_tag","embeddable":true,"href":"https:\/\/www.egemtv.com\/index.php?rest_route=%2Fwp%2Fv2%2Ftags&post=64158"}],"curies":[{"name":"wp","href":"https:\/\/api.w.org\/{rel}","templated":true}]}}