{"id":64155,"date":"2025-10-27T16:35:38","date_gmt":"2025-10-27T13:35:38","guid":{"rendered":"https:\/\/www.egemtv.com\/?p=64155"},"modified":"2025-10-27T16:35:40","modified_gmt":"2025-10-27T13:35:40","slug":"amator-macta-polisin-biber-gazli-mudahalesiyle-ilgili-sorusturma-baslatildi","status":"publish","type":"post","link":"https:\/\/www.egemtv.com\/?p=64155","title":{"rendered":"Amat\u00f6r ma\u00e7ta polisin biber gazl\u0131 m\u00fcdahalesiyle ilgili soru\u015fturma ba\u015flat\u0131ld\u0131"},"content":{"rendered":"<p>Denizli\u2019nin Pamukkale il\u00e7esinde oynanan amat\u00f6r lig ma\u00e7\u0131nda \u00e7\u0131kan kavgaya polisin biber gazl\u0131 m\u00fcdahalesine ili\u015fkin idari soru\u015fturma ba\u015flat\u0131ld\u0131.<br \/>\n<br \/>Olay, Pamukkale il\u00e7esi Aktepe Mahallesi\u2019nde bulunan Akvadi Stad\u0131\u2019nda oynanan 1. Amat\u00f6r Lig ma\u00e7\u0131 olan G\u00f6kb\u00f6r\u00fcg\u00fcc\u00fcspor-Pamukkalespor m\u00fccadelesi s\u0131ras\u0131nda ya\u015fand\u0131. M\u00fcsabakada iki tak\u0131m oyuncular\u0131 aras\u0131nda \u00e7\u0131kan tart\u0131\u015fman\u0131n k\u0131sa s\u00fcrede b\u00fcy\u00fcyerek kavgaya d\u00f6n\u00fc\u015fmesi \u00fczerine m\u00fcsabakada g\u00f6revli polis ekipleri m\u00fcdahalede bulundu. Bir polis memuru oyuncular\u0131 ay\u0131rd\u0131ktan sonra kendisine y\u00f6nelen oyunculara ve teknik ekibe biber gaz\u0131yla m\u00fcdahale etti.<\/p>\n<p>G\u00f6revli polis memurlar\u0131n\u0131n m\u00fcdahale \u015fekline dair idari soru\u015fturma ba\u015flat\u0131ld\u0131<br \/>\n<br \/>Olaya ili\u015fkin Denizli \u0130l Emniyet M\u00fcd\u00fcrl\u00fc\u011f\u00fc\u2019n\u00fcn yapt\u0131\u011f\u0131 yaz\u0131l\u0131 a\u00e7\u0131klamada, &#8220;26 Ekim 2025 g\u00fcn\u00fc ilimiz Aktepe Mahallesi\u2019nde bulunan Akvadi Stadyumu\u2019nda, G\u00f6kb\u00f6r\u00fcg\u00fcc\u00fc Spor ile Pamukkalespor tak\u0131mlar\u0131 aras\u0131nda oynanan 1. Amat\u00f6r K\u00fcme futbol m\u00fcsabakas\u0131 sonras\u0131nda futbolcular aras\u0131nda kavga olay\u0131 meydana gelmi\u015ftir. S\u00f6z konusu olaya m\u00fcdahale eden polis ekibiyle ilgili olarak \u00e7e\u015fitli sosyal medya hesaplar\u0131 ve bas\u0131nda payla\u015f\u0131mlar\u0131n yap\u0131ld\u0131\u011f\u0131 g\u00f6r\u00fclm\u00fc\u015ft\u00fcr. Olayla ilgili olarak, g\u00f6revli polis memurlar\u0131n\u0131n m\u00fcdahale \u015fekline dair idari soru\u015fturma ba\u015flat\u0131lm\u0131\u015ft\u0131r&#8221; ifadeleri yer ald\u0131.<br \/><\/p>\n","protected":false},"excerpt":{"rendered":"<p>Denizli\u2019nin Pamukkale il\u00e7esinde oynanan amat\u00f6r lig ma\u00e7\u0131nda \u00e7\u0131kan kavgaya polisin biber gazl\u0131 m\u00fcdahalesine ili\u015fkin idari soru\u015fturma ba\u015flat\u0131ld\u0131. Olay, Pamukkale il\u00e7esi Aktepe Mahallesi\u2019nde bulunan Akvadi Stad\u0131\u2019nda oynanan 1. Amat\u00f6r Lig ma\u00e7\u0131 olan G\u00f6kb\u00f6r\u00fcg\u00fcc\u00fcspor-Pamukkalespor m\u00fccadelesi s\u0131ras\u0131nda ya\u015fand\u0131. M\u00fcsabakada iki tak\u0131m oyuncular\u0131 aras\u0131nda \u00e7\u0131kan tart\u0131\u015fman\u0131n k\u0131sa s\u00fcrede b\u00fcy\u00fcyerek kavgaya d\u00f6n\u00fc\u015fmesi \u00fczerine m\u00fcsabakada g\u00f6revli polis ekipleri m\u00fcdahalede bulundu. Bir&#8230;<\/p>\n","protected":false},"author":1,"featured_media":64156,"comment_status":"open","ping_status":"open","sticky":false,"template":"","format":"standard","meta":{"_crdt_document":"","footnotes":""},"categories":[5],"tags":[],"class_list":["post-64155","post","type-post","status-publish","format-standard","has-post-thumbnail","hentry","category-asayis"],"_links":{"self":[{"href":"https:\/\/www.egemtv.com\/index.php?rest_route=\/wp\/v2\/posts\/64155","targetHints":{"allow":["GET"]}}],"collection":[{"href":"https:\/\/www.egemtv.com\/index.php?rest_route=\/wp\/v2\/posts"}],"about":[{"href":"https:\/\/www.egemtv.com\/index.php?rest_route=\/wp\/v2\/types\/post"}],"author":[{"embeddable":true,"href":"https:\/\/www.egemtv.com\/index.php?rest_route=\/wp\/v2\/users\/1"}],"replies":[{"embeddable":true,"href":"https:\/\/www.egemtv.com\/index.php?rest_route=%2Fwp%2Fv2%2Fcomments&post=64155"}],"version-history":[{"count":1,"href":"https:\/\/www.egemtv.com\/index.php?rest_route=\/wp\/v2\/posts\/64155\/revisions"}],"predecessor-version":[{"id":64157,"href":"https:\/\/www.egemtv.com\/index.php?rest_route=\/wp\/v2\/posts\/64155\/revisions\/64157"}],"wp:featuredmedia":[{"embeddable":true,"href":"https:\/\/www.egemtv.com\/index.php?rest_route=\/wp\/v2\/media\/64156"}],"wp:attachment":[{"href":"https:\/\/www.egemtv.com\/index.php?rest_route=%2Fwp%2Fv2%2Fmedia&parent=64155"}],"wp:term":[{"taxonomy":"category","embeddable":true,"href":"https:\/\/www.egemtv.com\/index.php?rest_route=%2Fwp%2Fv2%2Fcategories&post=64155"},{"taxonomy":"post_tag","embeddable":true,"href":"https:\/\/www.egemtv.com\/index.php?rest_route=%2Fwp%2Fv2%2Ftags&post=64155"}],"curies":[{"name":"wp","href":"https:\/\/api.w.org\/{rel}","templated":true}]}}