{"id":64152,"date":"2025-10-27T16:35:32","date_gmt":"2025-10-27T13:35:32","guid":{"rendered":"https:\/\/www.egemtv.com\/?p=64152"},"modified":"2025-10-27T16:35:36","modified_gmt":"2025-10-27T13:35:36","slug":"yunuse-emrenin-izinde-uluslararasi-kardeslik-basladi","status":"publish","type":"post","link":"https:\/\/www.egemtv.com\/?p=64152","title":{"rendered":"Yunuse Emre\u2019nin izinde uluslararas\u0131 karde\u015flik ba\u015flad\u0131"},"content":{"rendered":"<p>Manisa Uluslararas\u0131 \u00d6\u011frenci Derne\u011fi (MUDER), \u0130\u00e7i\u015fleri Bakanl\u0131\u011f\u0131 deste\u011fiyle y\u00fcr\u00fct\u00fclen \u2019Yunus Emre\u2019nin izinde uluslararas\u0131 karde\u015flik\u2019 projesiyle 55 \u00fclkeden \u00f6\u011frenciyi bir araya getirdi.<br \/>\n<br \/>Manisa Uluslararas\u0131 \u00d6\u011frenci Derne\u011fi (MUDER) taraf\u0131ndan \u0130\u00e7i\u015fleri Bakanl\u0131\u011f\u0131 Sivil Toplum ve Halkla \u0130li\u015fkiler Genel M\u00fcd\u00fcrl\u00fc\u011f\u00fc deste\u011fiyle hayata ge\u00e7irilen \u2019Yunus izinde uluslararas\u0131 karde\u015flik\u2019 projesi kapsam\u0131nda ilk toplant\u0131 ger\u00e7ekle\u015ftirildi.<br \/>\n<br \/>Toplant\u0131, Manisa Celal Bayar \u00dcniversitesi Yabanc\u0131 Diller Y\u00fcksekokulu Sultan Kona\u011f\u0131\u2019nda yap\u0131ld\u0131 ve \u00e7ok say\u0131da uluslararas\u0131 \u00f6\u011frencinin kat\u0131l\u0131m\u0131yla renkli g\u00f6r\u00fcnt\u00fclere sahne oldu.<\/p>\n<p>&#8220;55 \u00fclkeden 700 \u00f6\u011frenci Manisa\u2019da&#8221;<br \/>\n<br \/>Manisa Uluslararas\u0131 \u00d6\u011frenci Derne\u011fi Ba\u015fkan\u0131 Dr. Orhan G\u00fczel, dernek olarak Manisa Celal Bayar \u00dcniversitesi\u2019nde \u00f6\u011frenim g\u00f6ren 55 farkl\u0131 \u00fclkeden \u00f6\u011frencilerle g\u00f6n\u00fcl k\u00f6pr\u00fcleri kurduklar\u0131n\u0131 s\u00f6yledi.<br \/>\n<br \/>Dr. G\u00fczel, &#8220;Manisa\u2019m\u0131zda 55 \u00fclkeden yakla\u015f\u0131k 700 misafir \u00f6\u011frencimiz var. Onlar\u0131n burada e\u011fitim g\u00f6rmeleri, dostluk ve karde\u015flik ba\u011flar\u0131m\u0131z\u0131 g\u00fc\u00e7lendiriyor. Bu \u00f6\u011frenciler, gelecekte \u00fclkelerimiz aras\u0131ndaki stratejik i\u015fbirliklerinin geli\u015fmesinde \u00f6nemli bir k\u00f6pr\u00fc olacak&#8221; dedi.<\/p>\n<p>Karde\u015flik gezileri ve k\u00fclt\u00fcrel etkinlikler<br \/>\n<br \/>Proje kapsam\u0131nda Akhisar, Salihli ve Spil Da\u011f\u0131\u2019na geziler d\u00fczenlenece\u011fini belirten Dr. G\u00fczel, &#8220;Ramazan ay\u0131nda ger\u00e7ekle\u015ftirece\u011fimiz karde\u015flik iftar\u0131, geleneksel ok\u00e7uluk etkinlikleri ve d\u0131\u015f ticaret gibi temalarda seminerlerle projemiz devam edecek&#8221; diye konu\u015ftu.<br \/>\n<br \/>Projenin, Yunus Emre\u2019nin sevgi, ho\u015fg\u00f6r\u00fc ve karde\u015flik anlay\u0131\u015f\u0131n\u0131 uluslararas\u0131 \u00f6\u011frencilere tan\u0131tmay\u0131 hedefledi\u011fi bildirildi.<br \/><\/p>\n","protected":false},"excerpt":{"rendered":"<p>Manisa Uluslararas\u0131 \u00d6\u011frenci Derne\u011fi (MUDER), \u0130\u00e7i\u015fleri Bakanl\u0131\u011f\u0131 deste\u011fiyle y\u00fcr\u00fct\u00fclen \u2019Yunus Emre\u2019nin izinde uluslararas\u0131 karde\u015flik\u2019 projesiyle 55 \u00fclkeden \u00f6\u011frenciyi bir araya getirdi. Manisa Uluslararas\u0131 \u00d6\u011frenci Derne\u011fi (MUDER) taraf\u0131ndan \u0130\u00e7i\u015fleri Bakanl\u0131\u011f\u0131 Sivil Toplum ve Halkla \u0130li\u015fkiler Genel M\u00fcd\u00fcrl\u00fc\u011f\u00fc deste\u011fiyle hayata ge\u00e7irilen \u2019Yunus izinde uluslararas\u0131 karde\u015flik\u2019 projesi kapsam\u0131nda ilk toplant\u0131 ger\u00e7ekle\u015ftirildi. Toplant\u0131, Manisa Celal Bayar \u00dcniversitesi Yabanc\u0131 Diller&#8230;<\/p>\n","protected":false},"author":1,"featured_media":64153,"comment_status":"open","ping_status":"open","sticky":false,"template":"","format":"standard","meta":{"_crdt_document":"","footnotes":""},"categories":[1],"tags":[],"class_list":["post-64152","post","type-post","status-publish","format-standard","has-post-thumbnail","hentry","category-guncel"],"_links":{"self":[{"href":"https:\/\/www.egemtv.com\/index.php?rest_route=\/wp\/v2\/posts\/64152","targetHints":{"allow":["GET"]}}],"collection":[{"href":"https:\/\/www.egemtv.com\/index.php?rest_route=\/wp\/v2\/posts"}],"about":[{"href":"https:\/\/www.egemtv.com\/index.php?rest_route=\/wp\/v2\/types\/post"}],"author":[{"embeddable":true,"href":"https:\/\/www.egemtv.com\/index.php?rest_route=\/wp\/v2\/users\/1"}],"replies":[{"embeddable":true,"href":"https:\/\/www.egemtv.com\/index.php?rest_route=%2Fwp%2Fv2%2Fcomments&post=64152"}],"version-history":[{"count":1,"href":"https:\/\/www.egemtv.com\/index.php?rest_route=\/wp\/v2\/posts\/64152\/revisions"}],"predecessor-version":[{"id":64154,"href":"https:\/\/www.egemtv.com\/index.php?rest_route=\/wp\/v2\/posts\/64152\/revisions\/64154"}],"wp:featuredmedia":[{"embeddable":true,"href":"https:\/\/www.egemtv.com\/index.php?rest_route=\/wp\/v2\/media\/64153"}],"wp:attachment":[{"href":"https:\/\/www.egemtv.com\/index.php?rest_route=%2Fwp%2Fv2%2Fmedia&parent=64152"}],"wp:term":[{"taxonomy":"category","embeddable":true,"href":"https:\/\/www.egemtv.com\/index.php?rest_route=%2Fwp%2Fv2%2Fcategories&post=64152"},{"taxonomy":"post_tag","embeddable":true,"href":"https:\/\/www.egemtv.com\/index.php?rest_route=%2Fwp%2Fv2%2Ftags&post=64152"}],"curies":[{"name":"wp","href":"https:\/\/api.w.org\/{rel}","templated":true}]}}