{"id":64146,"date":"2025-10-27T16:35:18","date_gmt":"2025-10-27T13:35:18","guid":{"rendered":"https:\/\/www.egemtv.com\/?p=64146"},"modified":"2025-10-27T16:35:24","modified_gmt":"2025-10-27T13:35:24","slug":"aydinin-sembolu-incirin-gelecegi-masaya-yatirildi-2","status":"publish","type":"post","link":"https:\/\/www.egemtv.com\/?p=64146","title":{"rendered":"Ayd\u0131n\u2019\u0131n sembol\u00fc incirin gelece\u011fi masaya yat\u0131r\u0131ld\u0131"},"content":{"rendered":"<p>Ayd\u0131n\u2019\u0131n \u00f6nemli tar\u0131m \u00fcr\u00fcn\u00fc incirin korunarak gelece\u011fe ta\u015f\u0131nmas\u0131 amac\u0131yla \u0130ncirin Korunmas\u0131 ve Daha Kaliteli Hale Getirilmesi konulu bir toplant\u0131 ger\u00e7ekle\u015ftirildi.<\/p>\n<p>D\u00fcnyan\u0131n en kaliteli incirlerinin yeti\u015fti\u011fi Ayd\u0131n\u2019da incirin gelece\u011fe ta\u015f\u0131nmas\u0131 ve yap\u0131lan \u00e7al\u0131\u015fmalar\u0131n de\u011ferlendirilmesi amac\u0131yla bir toplant\u0131 ger\u00e7ekle\u015ftirildi. \u0130ncirin Korunmas\u0131 ve Daha Kaliteli Hale Getirilmesi konu ba\u015fl\u0131\u011f\u0131 alt\u0131nda ger\u00e7ekle\u015ftirilen toplant\u0131da Ayd\u0131n\u2019\u0131n simge \u00fcr\u00fcn\u00fc olan incirin korunmas\u0131, \u00e7e\u015fitlili\u011finin art\u0131r\u0131lmas\u0131, verim ve kalitesinin y\u00fckseltilmesi amac\u0131yla y\u00fcr\u00fct\u00fclen bilimsel \u00e7al\u0131\u015fmalar\u0131n \u00f6nemine dikkat \u00e7ekildi. Ayr\u0131ca programda, bu alandaki projelerin Ayd\u0131n\u2019\u0131n tar\u0131msal gelece\u011fine y\u00f6n verece\u011fi vurgulan\u0131rken, iklim de\u011fi\u015fikli\u011finin tar\u0131msal \u00fcretim \u00fczerindeki etkilerinin bilimsel y\u00f6ntemlerle ele al\u0131nmas\u0131n\u0131n ve incir gibi stratejik \u00fcr\u00fcnlerin gelece\u011fe ta\u015f\u0131nmas\u0131na y\u00f6nelik \u00e7abalar\u0131n b\u00fcy\u00fck de\u011fer ta\u015f\u0131d\u0131\u011f\u0131 belirtildi. Program kapsam\u0131nda \u0130l Tar\u0131m ve Orman M\u00fcd\u00fcr\u00fc Ayhan Temiz ve Enstit\u00fc M\u00fcd\u00fcr\u00fc Mehmet \u00d6zkul, kurumlar\u0131n y\u00fcr\u00fctt\u00fc\u011f\u00fc AR-GE \u00e7al\u0131\u015fmalar\u0131 hakk\u0131nda kat\u0131l\u0131mc\u0131lara bilgi verdi. Program sonunda, stratejik ve b\u00f6lge i\u00e7in e\u015fsiz olan \u00fcr\u00fcnlerin korunmas\u0131, gelecek nesillere aktar\u0131lmas\u0131 i\u00e7in emek veren t\u00fcm kurum ve uzmanlara te\u015fekk\u00fcr edildi.<br \/>\n<br \/>Toplant\u0131 ile ilgili a\u00e7\u0131klamalarda bulunan Ayd\u0131n B\u00fcy\u00fck\u015fehir Belediye Ba\u015fkan\u0131 \u00d6zlem \u00c7er\u00e7io\u011flu; &#8220;\u0130l Ba\u015fkan\u0131m\u0131z Mehmet Erdem, Milletvekillerimiz Seda Sar\u0131ba\u015f, Mustafa Sava\u015f, \u00d6mer \u00d6zmen ve \u0130ncirliova Belediye Ba\u015fkan\u0131m\u0131z Aytekin Kaya ile birlikte \u0130ncir Ara\u015ft\u0131rma Enstit\u00fcs\u00fc M\u00fcd\u00fcrl\u00fc\u011f\u00fc taraf\u0131ndan d\u00fczenlenen toplant\u0131ya kat\u0131l\u0131m sa\u011flad\u0131k. \u0130ncirimizi korumak i\u00e7in \u00e7al\u0131\u015fmaya ve Ayd\u0131n\u0131m\u0131z\u0131n de\u011ferlerine sahip \u00e7\u0131kmaya devam edece\u011fiz. \u0130ncir Ara\u015ft\u0131rmalar\u0131 Enstit\u00fcs\u00fc M\u00fcd\u00fcr\u00fcm\u00fcz Mehmet \u00d6zkul\u2019a misafirperverliklerinden dolay\u0131 te\u015fekk\u00fcr ederiz&#8221; ifadelerini kulland\u0131.<br \/><\/p>\n","protected":false},"excerpt":{"rendered":"<p>Ayd\u0131n\u2019\u0131n \u00f6nemli tar\u0131m \u00fcr\u00fcn\u00fc incirin korunarak gelece\u011fe ta\u015f\u0131nmas\u0131 amac\u0131yla \u0130ncirin Korunmas\u0131 ve Daha Kaliteli Hale Getirilmesi konulu bir toplant\u0131 ger\u00e7ekle\u015ftirildi. D\u00fcnyan\u0131n en kaliteli incirlerinin yeti\u015fti\u011fi Ayd\u0131n\u2019da incirin gelece\u011fe ta\u015f\u0131nmas\u0131 ve yap\u0131lan \u00e7al\u0131\u015fmalar\u0131n de\u011ferlendirilmesi amac\u0131yla bir toplant\u0131 ger\u00e7ekle\u015ftirildi. \u0130ncirin Korunmas\u0131 ve Daha Kaliteli Hale Getirilmesi konu ba\u015fl\u0131\u011f\u0131 alt\u0131nda ger\u00e7ekle\u015ftirilen toplant\u0131da Ayd\u0131n\u2019\u0131n simge \u00fcr\u00fcn\u00fc olan incirin korunmas\u0131,&#8230;<\/p>\n","protected":false},"author":1,"featured_media":64147,"comment_status":"open","ping_status":"open","sticky":false,"template":"","format":"standard","meta":{"_crdt_document":"","footnotes":""},"categories":[1],"tags":[],"class_list":["post-64146","post","type-post","status-publish","format-standard","has-post-thumbnail","hentry","category-guncel"],"_links":{"self":[{"href":"https:\/\/www.egemtv.com\/index.php?rest_route=\/wp\/v2\/posts\/64146","targetHints":{"allow":["GET"]}}],"collection":[{"href":"https:\/\/www.egemtv.com\/index.php?rest_route=\/wp\/v2\/posts"}],"about":[{"href":"https:\/\/www.egemtv.com\/index.php?rest_route=\/wp\/v2\/types\/post"}],"author":[{"embeddable":true,"href":"https:\/\/www.egemtv.com\/index.php?rest_route=\/wp\/v2\/users\/1"}],"replies":[{"embeddable":true,"href":"https:\/\/www.egemtv.com\/index.php?rest_route=%2Fwp%2Fv2%2Fcomments&post=64146"}],"version-history":[{"count":1,"href":"https:\/\/www.egemtv.com\/index.php?rest_route=\/wp\/v2\/posts\/64146\/revisions"}],"predecessor-version":[{"id":64148,"href":"https:\/\/www.egemtv.com\/index.php?rest_route=\/wp\/v2\/posts\/64146\/revisions\/64148"}],"wp:featuredmedia":[{"embeddable":true,"href":"https:\/\/www.egemtv.com\/index.php?rest_route=\/wp\/v2\/media\/64147"}],"wp:attachment":[{"href":"https:\/\/www.egemtv.com\/index.php?rest_route=%2Fwp%2Fv2%2Fmedia&parent=64146"}],"wp:term":[{"taxonomy":"category","embeddable":true,"href":"https:\/\/www.egemtv.com\/index.php?rest_route=%2Fwp%2Fv2%2Fcategories&post=64146"},{"taxonomy":"post_tag","embeddable":true,"href":"https:\/\/www.egemtv.com\/index.php?rest_route=%2Fwp%2Fv2%2Ftags&post=64146"}],"curies":[{"name":"wp","href":"https:\/\/api.w.org\/{rel}","templated":true}]}}