{"id":64143,"date":"2025-10-27T16:35:09","date_gmt":"2025-10-27T13:35:09","guid":{"rendered":"https:\/\/www.egemtv.com\/?p=64143"},"modified":"2025-10-27T16:35:14","modified_gmt":"2025-10-27T13:35:14","slug":"manisada-9-ayda-22-bin-kisi-ise-yerlestirildi","status":"publish","type":"post","link":"https:\/\/www.egemtv.com\/?p=64143","title":{"rendered":"Manisa\u2019da 9 Ayda 22 bin ki\u015fi i\u015fe yerle\u015ftirildi"},"content":{"rendered":"<p>Manisa\u2019da 2025 y\u0131l\u0131n\u0131n ilk 9 ay\u0131nda \u0130\u015eKUR arac\u0131l\u0131\u011f\u0131yla 63 bini a\u015fk\u0131n ki\u015fiye dan\u0131\u015fmanl\u0131k hizmeti verildi\u011fi, 22 bin 284 ki\u015finin de i\u015fe yerle\u015ftirildi\u011fi a\u00e7\u0131kland\u0131.<br \/>\n<br \/>Manisa \u00c7al\u0131\u015fma ve \u0130\u015f Kurumu \u0130l M\u00fcd\u00fcrl\u00fc\u011f\u00fc\u2019n\u00fcn ev sahipli\u011finde d\u00fczenlenen 2025 y\u0131l\u0131 4. \u0130l \u0130stihdam ve Mesleki E\u011fitim Kurulu (\u0130\u0130MEK) Toplant\u0131s\u0131, Manisa Valili\u011fi Toplant\u0131 Salonunda Vali Yard\u0131mc\u0131s\u0131 Mustafa Harputlu ba\u015fkanl\u0131\u011f\u0131nda ger\u00e7ekle\u015ftirildi. Toplant\u0131da, il d\u00fczeyinde istihdam\u0131 koruyucu, geli\u015ftirici ve i\u015fsizli\u011fi \u00f6nleyici politikalar ile aktif i\u015fg\u00fcc\u00fc programlar\u0131 ele al\u0131nd\u0131.<\/p>\n<p>&#8220;\u0130stihdam oran\u0131 y\u00fczde 53,1&#8221;<br \/>\n<br \/>Toplant\u0131da konu\u015fan Manisa \u00c7al\u0131\u015fma ve \u0130\u015f Kurumu \u0130l M\u00fcd\u00fcr\u00fc G\u00fcnseli Kervan Tufan, 2024 y\u0131l\u0131 T\u00dc\u0130K verilerine g\u00f6re Manisa\u2019da i\u015fsizlik oran\u0131n\u0131n y\u00fczde 6,3, istihdam oran\u0131n\u0131n y\u00fczde 53,1, i\u015fg\u00fcc\u00fcne kat\u0131l\u0131m oran\u0131n\u0131n ise y\u00fczde 56,7 olarak ger\u00e7ekle\u015fti\u011fini belirtti.<br \/>\n<br \/>Tufan, 2025 y\u0131l\u0131 ocak-eyl\u00fcl d\u00f6neminde 63 bin 672 ki\u015fiye bireysel dan\u0131\u015fmanl\u0131k hizmeti verildi\u011fini, 9 bin 780 i\u015fyeri ziyareti yap\u0131ld\u0131\u011f\u0131n\u0131 ve 22 bin 284 ki\u015finin de i\u015fe yerle\u015ftirildi\u011fini a\u00e7\u0131klad\u0131.<\/p>\n<p>Kad\u0131n istihdam\u0131na \u00f6zel destek<br \/>\n<br \/>Kad\u0131n \u0130stihdam\u0131 \u0130\u00e7in Pozitif Ayr\u0131mc\u0131l\u0131k (K\u0130PAP) Projesi kapsam\u0131nda bug\u00fcne kadar 67 firma ile protokol imzaland\u0131\u011f\u0131n\u0131 ve 167 kad\u0131n\u0131n projeden faydaland\u0131\u011f\u0131n\u0131 belirten Tufan, ayr\u0131ca \u0130\u015fba\u015f\u0131 E\u011fitim Programlar\u0131 ile 678 ki\u015finin meslek sahibi oldu\u011funu ifade etti.<br \/>\n<br \/>\u0130\u015f G\u00fcc\u00fc Uyum (\u0130UP) Projesi kapsam\u0131nda ise 134 program\u0131n devam etti\u011fini anlatan Tufan, 4 bin 738 kat\u0131l\u0131mc\u0131n\u0131n projede yer ald\u0131\u011f\u0131n\u0131 s\u00f6yledi.<\/p>\n<p>E\u011fitim ve tar\u0131m sekt\u00f6r\u00fc de g\u00fcndemdeydi<br \/>\n<br \/>Toplant\u0131da ayr\u0131ca \u0130l Milli E\u011fitim M\u00fcd\u00fcr\u00fc Mehmet U\u011furelli taraf\u0131ndan mesleki e\u011fitim politikalar\u0131 \u00fczerine bir sunum yap\u0131ld\u0131. U\u011furelli, mesleki ve teknik liselerden mezun olan \u00f6\u011frencilerin kendi alanlar\u0131nda istihdama kat\u0131l\u0131m\u0131n\u0131n art\u0131r\u0131lmas\u0131na y\u00f6nelik \u00e7al\u0131\u015fmalar hakk\u0131nda bilgi verdi.<br \/>\n<br \/>\u0130l Tar\u0131m ve Orman M\u00fcd\u00fcrl\u00fc\u011f\u00fc ad\u0131na sunum yapan \u0130l M\u00fcd\u00fcr Yard\u0131mc\u0131s\u0131 Serdar Mersinli ise \u2019Tar\u0131msal alandaki geli\u015fmeler ve istihdam imkanlar\u0131\u2019 konulu sunumuyla kurul \u00fcyelerini bilgilendirdi.<br \/>\n<br \/>Toplant\u0131, istihdam ve mesleki e\u011fitim alan\u0131nda yap\u0131lacak yeni i\u015f birli\u011fi f\u0131rsatlar\u0131n\u0131n de\u011ferlendirilmesiyle sona erdi.<br \/><\/p>\n","protected":false},"excerpt":{"rendered":"<p>Manisa\u2019da 2025 y\u0131l\u0131n\u0131n ilk 9 ay\u0131nda \u0130\u015eKUR arac\u0131l\u0131\u011f\u0131yla 63 bini a\u015fk\u0131n ki\u015fiye dan\u0131\u015fmanl\u0131k hizmeti verildi\u011fi, 22 bin 284 ki\u015finin de i\u015fe yerle\u015ftirildi\u011fi a\u00e7\u0131kland\u0131. Manisa \u00c7al\u0131\u015fma ve \u0130\u015f Kurumu \u0130l M\u00fcd\u00fcrl\u00fc\u011f\u00fc\u2019n\u00fcn ev sahipli\u011finde d\u00fczenlenen 2025 y\u0131l\u0131 4. \u0130l \u0130stihdam ve Mesleki E\u011fitim Kurulu (\u0130\u0130MEK) Toplant\u0131s\u0131, Manisa Valili\u011fi Toplant\u0131 Salonunda Vali Yard\u0131mc\u0131s\u0131 Mustafa Harputlu ba\u015fkanl\u0131\u011f\u0131nda ger\u00e7ekle\u015ftirildi. Toplant\u0131da,&#8230;<\/p>\n","protected":false},"author":1,"featured_media":64144,"comment_status":"open","ping_status":"open","sticky":false,"template":"","format":"standard","meta":{"_crdt_document":"","footnotes":""},"categories":[125],"tags":[],"class_list":["post-64143","post","type-post","status-publish","format-standard","has-post-thumbnail","hentry","category-ekonomi"],"_links":{"self":[{"href":"https:\/\/www.egemtv.com\/index.php?rest_route=\/wp\/v2\/posts\/64143","targetHints":{"allow":["GET"]}}],"collection":[{"href":"https:\/\/www.egemtv.com\/index.php?rest_route=\/wp\/v2\/posts"}],"about":[{"href":"https:\/\/www.egemtv.com\/index.php?rest_route=\/wp\/v2\/types\/post"}],"author":[{"embeddable":true,"href":"https:\/\/www.egemtv.com\/index.php?rest_route=\/wp\/v2\/users\/1"}],"replies":[{"embeddable":true,"href":"https:\/\/www.egemtv.com\/index.php?rest_route=%2Fwp%2Fv2%2Fcomments&post=64143"}],"version-history":[{"count":1,"href":"https:\/\/www.egemtv.com\/index.php?rest_route=\/wp\/v2\/posts\/64143\/revisions"}],"predecessor-version":[{"id":64145,"href":"https:\/\/www.egemtv.com\/index.php?rest_route=\/wp\/v2\/posts\/64143\/revisions\/64145"}],"wp:featuredmedia":[{"embeddable":true,"href":"https:\/\/www.egemtv.com\/index.php?rest_route=\/wp\/v2\/media\/64144"}],"wp:attachment":[{"href":"https:\/\/www.egemtv.com\/index.php?rest_route=%2Fwp%2Fv2%2Fmedia&parent=64143"}],"wp:term":[{"taxonomy":"category","embeddable":true,"href":"https:\/\/www.egemtv.com\/index.php?rest_route=%2Fwp%2Fv2%2Fcategories&post=64143"},{"taxonomy":"post_tag","embeddable":true,"href":"https:\/\/www.egemtv.com\/index.php?rest_route=%2Fwp%2Fv2%2Ftags&post=64143"}],"curies":[{"name":"wp","href":"https:\/\/api.w.org\/{rel}","templated":true}]}}