{"id":64140,"date":"2025-10-27T15:56:46","date_gmt":"2025-10-27T12:56:46","guid":{"rendered":"https:\/\/www.egemtv.com\/?p=64140"},"modified":"2025-10-27T15:56:48","modified_gmt":"2025-10-27T12:56:48","slug":"cumhuriyet-coskusu-babadagin-zirvesine-tasindi","status":"publish","type":"post","link":"https:\/\/www.egemtv.com\/?p=64140","title":{"rendered":"Cumhuriyet co\u015fkusu Babada\u011f\u2019\u0131n zirvesine ta\u015f\u0131nd\u0131"},"content":{"rendered":"<p>Denizli\u2019de, Babada\u011f\u2019\u0131n 2308 m. rak\u0131ml\u0131 zirvesine t\u0131rmanan her ya\u015ftan vatanda\u015f, Cumhuriyetin 102. Y\u0131ld\u00f6n\u00fcm\u00fcn\u00fc zirvede \u0130stiklal Mar\u015f\u0131n\u0131 hep bir a\u011f\u0131zdan okuyarak kutlad\u0131.<br \/>\n<br \/>Babada\u011f Zirve Y\u00fcr\u00fcy\u00fc\u015f\u00fc 26 Ekim Pazar g\u00fcn\u00fc sabah saatlerinde Babada\u011f il\u00e7e merkezinde bir araya gelen her ya\u015ftan do\u011faseverin kat\u0131l\u0131m\u0131yla ger\u00e7ekle\u015fti. 29 Ekim Cumhuriyet Bayram\u0131\u2019n\u0131n 102. Y\u0131ld\u00f6n\u00fcm\u00fc an\u0131s\u0131na yap\u0131lan y\u00fcr\u00fcy\u00fc\u015f, Babada\u011f Kaymakaml\u0131\u011f\u0131 himayesinde Gen\u00e7lik Spor \u0130l\u00e7e M\u00fcd\u00fcrl\u00fc\u011f\u00fc, \u0130l\u00e7e Milli E\u011fitim M\u00fcd\u00fcrl\u00fc\u011f\u00fc, Babada\u011f Belediyesi ve T\u00fcrkiye Da\u011fc\u0131l\u0131k Federasyonu i\u015fbirli\u011finde yap\u0131ld\u0131.<br \/>\n<br \/>Zirveye t\u0131rman\u0131\u015f 3 saat s\u00fcrd\u00fc<br \/>\n<br \/>Kamu kurumlar\u0131 temsilcilerinin yan\u0131s\u0131ra vatanda\u015flar ve Denizli\u2019de faaliyet g\u00f6steren Pakdos, Nefes ve Dendak Kul\u00fcpleri de etkinli\u011fe kat\u0131larak Babada\u011f Zirve Y\u00fcr\u00fcy\u00fc\u015f\u00fcne e\u015flik etti. Yer yer zorlu arazi \u015fartlar\u0131na sahip b\u00f6lgedeki t\u0131rman\u0131\u015f yakla\u015f\u0131k \u00fc\u00e7 saat s\u00fcrerken kat\u0131l\u0131mc\u0131lar\u0131n co\u015fkusu biran olsun eksilmedi.<br \/>\n<br \/>Babada\u011f Zirve Y\u00fcr\u00fcy\u00fc\u015f\u00fcnde t\u00fcm kat\u0131l\u0131mc\u0131lar\u0131n 2308 m. zirveye ula\u015fmas\u0131n\u0131n ard\u0131ndan hep birlikte zirve foto\u011fraf\u0131 verildi. T\u00fcm \u015fehit ve gazilerimiz i\u00e7in yap\u0131lan sayg\u0131 duru\u015funun ard\u0131ndan hep bir a\u011f\u0131zdan \u0130stiklal Mar\u015f\u0131 okunarak T\u00fcrkiye Cumhuriyeti\u2019nin 102. y\u0131l\u0131 kutland\u0131.<br \/>\n<br \/>Kaymakam Kaya\u015f &#8220;Ayd\u0131nl\u0131k yar\u0131nlara ayn\u0131 kararl\u0131l\u0131kla y\u00fcr\u00fcyece\u011fiz&#8221;<br \/>\n<br \/>Etkinli\u011fin ger\u00e7ekle\u015fmesinde en b\u00fcy\u00fck pay sahibi Babada\u011f Kaymakam\u0131 \u0130lhan Kaya\u015f, zirvede duygu ve d\u00fc\u015f\u00fcncelerini payla\u015ft\u0131. &#8220;Cumhuriyetimizin 102 y\u0131ll\u0131k gururunu Babada\u011f\u2019\u0131n zirvesine ta\u015f\u0131d\u0131k. Birlik ve beraberlik duygumuzu peki\u015ftiren bu \u00f6zel etkinlikte yer alan t\u00fcm kat\u0131l\u0131mc\u0131lara te\u015fekk\u00fcr ederim. Cumhuriyetimizin ayd\u0131nl\u0131k yar\u0131nlar\u0131na ayn\u0131 kararl\u0131l\u0131kla y\u00fcr\u00fcmeye devam edece\u011fiz&#8221; dedi.<br \/><\/p>\n","protected":false},"excerpt":{"rendered":"<p>Denizli\u2019de, Babada\u011f\u2019\u0131n 2308 m. rak\u0131ml\u0131 zirvesine t\u0131rmanan her ya\u015ftan vatanda\u015f, Cumhuriyetin 102. Y\u0131ld\u00f6n\u00fcm\u00fcn\u00fc zirvede \u0130stiklal Mar\u015f\u0131n\u0131 hep bir a\u011f\u0131zdan okuyarak kutlad\u0131. Babada\u011f Zirve Y\u00fcr\u00fcy\u00fc\u015f\u00fc 26 Ekim Pazar g\u00fcn\u00fc sabah saatlerinde Babada\u011f il\u00e7e merkezinde bir araya gelen her ya\u015ftan do\u011faseverin kat\u0131l\u0131m\u0131yla ger\u00e7ekle\u015fti. 29 Ekim Cumhuriyet Bayram\u0131\u2019n\u0131n 102. Y\u0131ld\u00f6n\u00fcm\u00fc an\u0131s\u0131na yap\u0131lan y\u00fcr\u00fcy\u00fc\u015f, Babada\u011f Kaymakaml\u0131\u011f\u0131 himayesinde Gen\u00e7lik Spor&#8230;<\/p>\n","protected":false},"author":1,"featured_media":64141,"comment_status":"open","ping_status":"open","sticky":false,"template":"","format":"standard","meta":{"_crdt_document":"","footnotes":""},"categories":[4],"tags":[],"class_list":["post-64140","post","type-post","status-publish","format-standard","has-post-thumbnail","hentry","category-spor"],"_links":{"self":[{"href":"https:\/\/www.egemtv.com\/index.php?rest_route=\/wp\/v2\/posts\/64140","targetHints":{"allow":["GET"]}}],"collection":[{"href":"https:\/\/www.egemtv.com\/index.php?rest_route=\/wp\/v2\/posts"}],"about":[{"href":"https:\/\/www.egemtv.com\/index.php?rest_route=\/wp\/v2\/types\/post"}],"author":[{"embeddable":true,"href":"https:\/\/www.egemtv.com\/index.php?rest_route=\/wp\/v2\/users\/1"}],"replies":[{"embeddable":true,"href":"https:\/\/www.egemtv.com\/index.php?rest_route=%2Fwp%2Fv2%2Fcomments&post=64140"}],"version-history":[{"count":1,"href":"https:\/\/www.egemtv.com\/index.php?rest_route=\/wp\/v2\/posts\/64140\/revisions"}],"predecessor-version":[{"id":64142,"href":"https:\/\/www.egemtv.com\/index.php?rest_route=\/wp\/v2\/posts\/64140\/revisions\/64142"}],"wp:featuredmedia":[{"embeddable":true,"href":"https:\/\/www.egemtv.com\/index.php?rest_route=\/wp\/v2\/media\/64141"}],"wp:attachment":[{"href":"https:\/\/www.egemtv.com\/index.php?rest_route=%2Fwp%2Fv2%2Fmedia&parent=64140"}],"wp:term":[{"taxonomy":"category","embeddable":true,"href":"https:\/\/www.egemtv.com\/index.php?rest_route=%2Fwp%2Fv2%2Fcategories&post=64140"},{"taxonomy":"post_tag","embeddable":true,"href":"https:\/\/www.egemtv.com\/index.php?rest_route=%2Fwp%2Fv2%2Ftags&post=64140"}],"curies":[{"name":"wp","href":"https:\/\/api.w.org\/{rel}","templated":true}]}}