{"id":64137,"date":"2025-10-27T15:56:36","date_gmt":"2025-10-27T12:56:36","guid":{"rendered":"https:\/\/www.egemtv.com\/?p=64137"},"modified":"2025-10-27T15:56:43","modified_gmt":"2025-10-27T12:56:43","slug":"goztepede-hakeme-tepki-var","status":"publish","type":"post","link":"https:\/\/www.egemtv.com\/?p=64137","title":{"rendered":"G\u00f6ztepe\u2019de hakeme tepki var"},"content":{"rendered":"<p>G\u00f6ztepe, Galatasaray ma\u00e7\u0131n\u0131n ard\u0131ndan kar\u015f\u0131la\u015fman\u0131n hakemi O\u011fuzhan \u00c7ak\u0131r\u2019a tepki g\u00f6stermeye devam ediyor. \u0130zmir ekibi sosyal medya hesab\u0131ndan g\u00f6r\u00fcnt\u00fcl\u00fc bir payla\u015f\u0131m yaparak, &#8220;Her sene ayn\u0131 film&#8221; ba\u015fl\u0131\u011f\u0131n\u0131 kulland\u0131.<br \/>\n<br \/>G\u00f6ztepe\u2019de hakem tepkisi s\u00fcr\u00fcyor. S\u00fcper Lig\u2019in 10. haftas\u0131nda deplasmanda Galatasaray ile kar\u015f\u0131la\u015fan \u0130zmir ekibi, sahadan 3-1\u2019lik ma\u011flubiyetle ayr\u0131larak \u00fcst \u00fcste ikinci yenilgisini ald\u0131. Ma\u00e7\u0131n biti\u015f d\u00fcd\u00fc\u011f\u00fcyle birlikte sar\u0131-k\u0131rm\u0131z\u0131l\u0131lar, kar\u015f\u0131la\u015fman\u0131n hakemi O\u011fuzhan \u00c7ak\u0131r\u2019a b\u00fcy\u00fck tepki g\u00f6sterdi.<br \/>\n<br \/>M\u00fcsabakaya h\u0131zl\u0131 ba\u015flayan G\u00f6ztepe, 6. dakikada Efkan\u2019\u0131n gol\u00fcyle \u00f6ne ge\u00e7ti ancak 19. dakikada Osimhen\u2019in gol\u00fcne engel olamad\u0131. Ma\u00e7\u0131n k\u0131r\u0131lma an\u0131 ise 42. dakikada ya\u015fand\u0131. Galatasaray\u2019\u0131n Nijeryal\u0131 golc\u00fcs\u00fc Osimhen\u2019le girdi\u011fi ikili m\u00fccadele sonras\u0131 rakibinin y\u00fcz\u00fcne darbe yapt\u0131\u011f\u0131 gerek\u00e7esiyle ikinci sar\u0131 karttan k\u0131rm\u0131z\u0131 kartla oyun d\u0131\u015f\u0131 kalan Malcom Bokele\u2019ye verilen karar, \u0130zmir ekibinde b\u00fcy\u00fck tepkiye yol a\u00e7t\u0131.<\/p>\n<p>&#8220;Her sene ayn\u0131 film&#8221;<br \/>\n<br \/>G\u00f6ztepe, Galatasaray ma\u00e7\u0131n\u0131n bitiminde Osimhen\u2019in Bokele\u2019ye faul yapt\u0131\u011f\u0131n\u0131 \u00f6ne s\u00fcrerek pozisyonun g\u00f6r\u00fcnt\u00fclerini &#8220;Her sene ayn\u0131 film&#8221; ba\u015fl\u0131kl\u0131 bir videoyla resmi hesaplar\u0131ndan payla\u015ft\u0131. Ard\u0131ndan ma\u00e7 sonucu g\u00f6rselini yay\u0131mlayan \u0130zmir ekibi, &#8220;Bi\u00e7ildik&#8221; ifadesiyle hakem O\u011fuzhan \u00c7ak\u0131r\u2019a bir kez daha tepki g\u00f6sterdi.<\/p>\n<p>Stoilov: &#8220;Hakemlerle ilgili konu\u015fmay\u0131 sevmiyorum&#8221;<br \/>\n<br \/>Kar\u015f\u0131la\u015fman\u0131n ard\u0131ndan d\u00fczenlenen bas\u0131n toplant\u0131s\u0131nda hakem O\u011fuzhan \u00c7ak\u0131r\u2019\u0131n performans\u0131n\u0131n sorulmas\u0131 \u00fczerine G\u00f6ztepe Teknik Direkt\u00f6r\u00fc Stanimir Stoilov, &#8220;Ben, hakemlerle ilgili yorum yapmay\u0131 sevmiyorum. Bu benim i\u015fim de\u011fil. Tak\u0131mda \u00e7\u00f6zmem gereken sorunlar var. Ben bunlara odaklan\u0131yorum. Bunu analiz edecek ve yorumlayacak insanlar var. Kesinlikle bahane \u00fcretmeyi sevmiyorum&#8221; diye cevap verdi.<br \/><\/p>\n","protected":false},"excerpt":{"rendered":"<p>G\u00f6ztepe, Galatasaray ma\u00e7\u0131n\u0131n ard\u0131ndan kar\u015f\u0131la\u015fman\u0131n hakemi O\u011fuzhan \u00c7ak\u0131r\u2019a tepki g\u00f6stermeye devam ediyor. \u0130zmir ekibi sosyal medya hesab\u0131ndan g\u00f6r\u00fcnt\u00fcl\u00fc bir payla\u015f\u0131m yaparak, &#8220;Her sene ayn\u0131 film&#8221; ba\u015fl\u0131\u011f\u0131n\u0131 kulland\u0131. G\u00f6ztepe\u2019de hakem tepkisi s\u00fcr\u00fcyor. S\u00fcper Lig\u2019in 10. haftas\u0131nda deplasmanda Galatasaray ile kar\u015f\u0131la\u015fan \u0130zmir ekibi, sahadan 3-1\u2019lik ma\u011flubiyetle ayr\u0131larak \u00fcst \u00fcste ikinci yenilgisini ald\u0131. Ma\u00e7\u0131n biti\u015f d\u00fcd\u00fc\u011f\u00fcyle birlikte sar\u0131-k\u0131rm\u0131z\u0131l\u0131lar,&#8230;<\/p>\n","protected":false},"author":1,"featured_media":64138,"comment_status":"open","ping_status":"open","sticky":false,"template":"","format":"standard","meta":{"_crdt_document":"","footnotes":""},"categories":[4],"tags":[],"class_list":["post-64137","post","type-post","status-publish","format-standard","has-post-thumbnail","hentry","category-spor"],"_links":{"self":[{"href":"https:\/\/www.egemtv.com\/index.php?rest_route=\/wp\/v2\/posts\/64137","targetHints":{"allow":["GET"]}}],"collection":[{"href":"https:\/\/www.egemtv.com\/index.php?rest_route=\/wp\/v2\/posts"}],"about":[{"href":"https:\/\/www.egemtv.com\/index.php?rest_route=\/wp\/v2\/types\/post"}],"author":[{"embeddable":true,"href":"https:\/\/www.egemtv.com\/index.php?rest_route=\/wp\/v2\/users\/1"}],"replies":[{"embeddable":true,"href":"https:\/\/www.egemtv.com\/index.php?rest_route=%2Fwp%2Fv2%2Fcomments&post=64137"}],"version-history":[{"count":1,"href":"https:\/\/www.egemtv.com\/index.php?rest_route=\/wp\/v2\/posts\/64137\/revisions"}],"predecessor-version":[{"id":64139,"href":"https:\/\/www.egemtv.com\/index.php?rest_route=\/wp\/v2\/posts\/64137\/revisions\/64139"}],"wp:featuredmedia":[{"embeddable":true,"href":"https:\/\/www.egemtv.com\/index.php?rest_route=\/wp\/v2\/media\/64138"}],"wp:attachment":[{"href":"https:\/\/www.egemtv.com\/index.php?rest_route=%2Fwp%2Fv2%2Fmedia&parent=64137"}],"wp:term":[{"taxonomy":"category","embeddable":true,"href":"https:\/\/www.egemtv.com\/index.php?rest_route=%2Fwp%2Fv2%2Fcategories&post=64137"},{"taxonomy":"post_tag","embeddable":true,"href":"https:\/\/www.egemtv.com\/index.php?rest_route=%2Fwp%2Fv2%2Ftags&post=64137"}],"curies":[{"name":"wp","href":"https:\/\/api.w.org\/{rel}","templated":true}]}}