{"id":64134,"date":"2025-10-27T15:56:07","date_gmt":"2025-10-27T12:56:07","guid":{"rendered":"https:\/\/www.egemtv.com\/?p=64134"},"modified":"2025-10-27T15:56:22","modified_gmt":"2025-10-27T12:56:22","slug":"kamyonetle-carpisan-patpatin-surucusu-yasamini-yitirdi","status":"publish","type":"post","link":"https:\/\/www.egemtv.com\/?p=64134","title":{"rendered":"Kamyonetle \u00e7arp\u0131\u015fan patpat\u0131n s\u00fcr\u00fcc\u00fcs\u00fc ya\u015fam\u0131n\u0131 yitirdi"},"content":{"rendered":"<p>Afyonkarahisar\u2019da kamyonetle \u00e7arp\u0131\u015fan patpat diye adland\u0131r\u0131lan tar\u0131m arac\u0131n\u0131n s\u00fcr\u00fcc\u00fcs\u00fc kald\u0131r\u0131ld\u0131\u011f\u0131 hastanede ya\u015fam\u0131n\u0131 yitirdi.<br \/>\n<br \/>Kaza, Bolvadin il\u00e7esi \u00e7\u0131k\u0131\u015f\u0131nda meydana geldi. Edinilen bilgilere g\u00f6re, S.D., idaresindeki 26 ZF 271 plakal\u0131 kamyonet hen\u00fcz belirlenemeyen bir sebepten \u00f6t\u00fcr\u00fc M.T. (80) isimli \u015fahs\u0131n kulland\u0131\u011f\u0131 patpat diye adland\u0131r\u0131lan tar\u0131m arac\u0131yla \u00e7arp\u0131\u015ft\u0131. Kazada patpat s\u00fcr\u00fcc\u00fcs\u00fc ile birlikte di\u011fer arac\u0131n s\u00fcr\u00fcc\u00fcs\u00fc ve H.T., yaraland\u0131. Yaral\u0131lar kaza sonras\u0131 \u00e7evredekilerin haber vermesi \u00fczerine olay yerine gelen ambulanslarla hastanelere kald\u0131r\u0131ld\u0131. Yaral\u0131lardan patpat s\u00fcr\u00fcc\u00fcs\u00fc M.T., yap\u0131lan m\u00fcdahaleye ra\u011fmen kurtar\u0131lamayarak ya\u015fam\u0131n\u0131 yitirdi.<br \/>\n<br \/>Kazan\u0131n ard\u0131ndan savc\u0131l\u0131k taraf\u0131ndan soru\u015fturma ba\u015flat\u0131ld\u0131.<br \/><\/p>\n","protected":false},"excerpt":{"rendered":"<p>Afyonkarahisar\u2019da kamyonetle \u00e7arp\u0131\u015fan patpat diye adland\u0131r\u0131lan tar\u0131m arac\u0131n\u0131n s\u00fcr\u00fcc\u00fcs\u00fc kald\u0131r\u0131ld\u0131\u011f\u0131 hastanede ya\u015fam\u0131n\u0131 yitirdi. Kaza, Bolvadin il\u00e7esi \u00e7\u0131k\u0131\u015f\u0131nda meydana geldi. Edinilen bilgilere g\u00f6re, S.D., idaresindeki 26 ZF 271 plakal\u0131 kamyonet hen\u00fcz belirlenemeyen bir sebepten \u00f6t\u00fcr\u00fc M.T. (80) isimli \u015fahs\u0131n kulland\u0131\u011f\u0131 patpat diye adland\u0131r\u0131lan tar\u0131m arac\u0131yla \u00e7arp\u0131\u015ft\u0131. Kazada patpat s\u00fcr\u00fcc\u00fcs\u00fc ile birlikte di\u011fer arac\u0131n s\u00fcr\u00fcc\u00fcs\u00fc ve H.T.,&#8230;<\/p>\n","protected":false},"author":1,"featured_media":64135,"comment_status":"open","ping_status":"open","sticky":false,"template":"","format":"standard","meta":{"_crdt_document":"","footnotes":""},"categories":[5],"tags":[],"class_list":["post-64134","post","type-post","status-publish","format-standard","has-post-thumbnail","hentry","category-asayis"],"_links":{"self":[{"href":"https:\/\/www.egemtv.com\/index.php?rest_route=\/wp\/v2\/posts\/64134","targetHints":{"allow":["GET"]}}],"collection":[{"href":"https:\/\/www.egemtv.com\/index.php?rest_route=\/wp\/v2\/posts"}],"about":[{"href":"https:\/\/www.egemtv.com\/index.php?rest_route=\/wp\/v2\/types\/post"}],"author":[{"embeddable":true,"href":"https:\/\/www.egemtv.com\/index.php?rest_route=\/wp\/v2\/users\/1"}],"replies":[{"embeddable":true,"href":"https:\/\/www.egemtv.com\/index.php?rest_route=%2Fwp%2Fv2%2Fcomments&post=64134"}],"version-history":[{"count":1,"href":"https:\/\/www.egemtv.com\/index.php?rest_route=\/wp\/v2\/posts\/64134\/revisions"}],"predecessor-version":[{"id":64136,"href":"https:\/\/www.egemtv.com\/index.php?rest_route=\/wp\/v2\/posts\/64134\/revisions\/64136"}],"wp:featuredmedia":[{"embeddable":true,"href":"https:\/\/www.egemtv.com\/index.php?rest_route=\/wp\/v2\/media\/64135"}],"wp:attachment":[{"href":"https:\/\/www.egemtv.com\/index.php?rest_route=%2Fwp%2Fv2%2Fmedia&parent=64134"}],"wp:term":[{"taxonomy":"category","embeddable":true,"href":"https:\/\/www.egemtv.com\/index.php?rest_route=%2Fwp%2Fv2%2Fcategories&post=64134"},{"taxonomy":"post_tag","embeddable":true,"href":"https:\/\/www.egemtv.com\/index.php?rest_route=%2Fwp%2Fv2%2Ftags&post=64134"}],"curies":[{"name":"wp","href":"https:\/\/api.w.org\/{rel}","templated":true}]}}