{"id":64131,"date":"2025-10-27T15:38:51","date_gmt":"2025-10-27T12:38:51","guid":{"rendered":"https:\/\/www.egemtv.com\/?p=64131"},"modified":"2025-10-27T15:39:13","modified_gmt":"2025-10-27T12:39:13","slug":"aydinda-bin-800-gram-uyusturucu-madde-ele-gecirildi","status":"publish","type":"post","link":"https:\/\/www.egemtv.com\/?p=64131","title":{"rendered":"Ayd\u0131n\u2019da bin 800 gram uyu\u015fturucu madde ele ge\u00e7irildi"},"content":{"rendered":"<p>Ayd\u0131n\u2019\u0131n Efeler il\u00e7esinde \u0130l Emniyet M\u00fcd\u00fcrl\u00fc\u011f\u00fc Narkotik Su\u00e7larla M\u00fccadele \u015eube M\u00fcd\u00fcrl\u00fc\u011f\u00fc ekipleri taraf\u0131ndan Osman Yozgatl\u0131 Mahallesi\u2019nde ger\u00e7ekle\u015ftirilen operasyonda y\u00fckl\u00fc miktarda uyu\u015fturucu madde ele ge\u00e7irilirken, g\u00f6zalt\u0131na al\u0131nan \u015f\u00fcpheli tutuklanarak cezaevine g\u00f6nderildi.<\/p>\n<p>Ayd\u0131n \u0130l Emniyet M\u00fcd\u00fcrl\u00fc\u011f\u00fc Narkotik Su\u00e7larla M\u00fccadele \u015eube M\u00fcd\u00fcrl\u00fc\u011f\u00fc ekipleri, uyu\u015fturucu madde ticareti ve kullan\u0131m\u0131n\u0131 \u00f6nlemeye y\u00f6nelik \u00e7al\u0131\u015fmalar\u0131nda bir ba\u015far\u0131ya daha imza att\u0131. Edinilen bilgiye g\u00f6re, narkotik ekipleri taraf\u0131ndan yap\u0131lan istihbari \u00e7al\u0131\u015fmalar sonucunda Osman Yozgatl\u0131 Mahallesi\u2019nde bir \u015fahs\u0131n uyu\u015fturucu ticareti yapt\u0131\u011f\u0131 tespit edildi. Belirlenen adrese yap\u0131lan operasyonda \u015f\u00fcpheli S.T. (28) g\u00f6zalt\u0131na al\u0131nd\u0131. \u015e\u00fcphelinin \u00fczerinde ve ikametinde yap\u0131lan aramalarda 10 par\u00e7a halinde toplam bin 800 gram metamfetamin, 1 par\u00e7a halinde 10 gram esrar, 154 adet Lyrica hap ve 1 adet hassas terazi ele ge\u00e7irildi. Emniyetteki i\u015flemlerinin ard\u0131ndan adliyeye sevk edilen \u015f\u00fcpheli uyu\u015fturucu madde ticareti yapmak su\u00e7undan tutuklanarak cezaevine g\u00f6nderildi.<br \/><\/p>\n","protected":false},"excerpt":{"rendered":"<p>Ayd\u0131n\u2019\u0131n Efeler il\u00e7esinde \u0130l Emniyet M\u00fcd\u00fcrl\u00fc\u011f\u00fc Narkotik Su\u00e7larla M\u00fccadele \u015eube M\u00fcd\u00fcrl\u00fc\u011f\u00fc ekipleri taraf\u0131ndan Osman Yozgatl\u0131 Mahallesi\u2019nde ger\u00e7ekle\u015ftirilen operasyonda y\u00fckl\u00fc miktarda uyu\u015fturucu madde ele ge\u00e7irilirken, g\u00f6zalt\u0131na al\u0131nan \u015f\u00fcpheli tutuklanarak cezaevine g\u00f6nderildi. Ayd\u0131n \u0130l Emniyet M\u00fcd\u00fcrl\u00fc\u011f\u00fc Narkotik Su\u00e7larla M\u00fccadele \u015eube M\u00fcd\u00fcrl\u00fc\u011f\u00fc ekipleri, uyu\u015fturucu madde ticareti ve kullan\u0131m\u0131n\u0131 \u00f6nlemeye y\u00f6nelik \u00e7al\u0131\u015fmalar\u0131nda bir ba\u015far\u0131ya daha imza att\u0131. Edinilen bilgiye&#8230;<\/p>\n","protected":false},"author":1,"featured_media":64132,"comment_status":"open","ping_status":"open","sticky":false,"template":"","format":"standard","meta":{"_crdt_document":"","footnotes":""},"categories":[5],"tags":[],"class_list":["post-64131","post","type-post","status-publish","format-standard","has-post-thumbnail","hentry","category-asayis"],"_links":{"self":[{"href":"https:\/\/www.egemtv.com\/index.php?rest_route=\/wp\/v2\/posts\/64131","targetHints":{"allow":["GET"]}}],"collection":[{"href":"https:\/\/www.egemtv.com\/index.php?rest_route=\/wp\/v2\/posts"}],"about":[{"href":"https:\/\/www.egemtv.com\/index.php?rest_route=\/wp\/v2\/types\/post"}],"author":[{"embeddable":true,"href":"https:\/\/www.egemtv.com\/index.php?rest_route=\/wp\/v2\/users\/1"}],"replies":[{"embeddable":true,"href":"https:\/\/www.egemtv.com\/index.php?rest_route=%2Fwp%2Fv2%2Fcomments&post=64131"}],"version-history":[{"count":1,"href":"https:\/\/www.egemtv.com\/index.php?rest_route=\/wp\/v2\/posts\/64131\/revisions"}],"predecessor-version":[{"id":64133,"href":"https:\/\/www.egemtv.com\/index.php?rest_route=\/wp\/v2\/posts\/64131\/revisions\/64133"}],"wp:featuredmedia":[{"embeddable":true,"href":"https:\/\/www.egemtv.com\/index.php?rest_route=\/wp\/v2\/media\/64132"}],"wp:attachment":[{"href":"https:\/\/www.egemtv.com\/index.php?rest_route=%2Fwp%2Fv2%2Fmedia&parent=64131"}],"wp:term":[{"taxonomy":"category","embeddable":true,"href":"https:\/\/www.egemtv.com\/index.php?rest_route=%2Fwp%2Fv2%2Fcategories&post=64131"},{"taxonomy":"post_tag","embeddable":true,"href":"https:\/\/www.egemtv.com\/index.php?rest_route=%2Fwp%2Fv2%2Ftags&post=64131"}],"curies":[{"name":"wp","href":"https:\/\/api.w.org\/{rel}","templated":true}]}}