{"id":64125,"date":"2025-10-27T15:35:22","date_gmt":"2025-10-27T12:35:22","guid":{"rendered":"https:\/\/www.egemtv.com\/?p=64125"},"modified":"2025-10-27T15:36:07","modified_gmt":"2025-10-27T12:36:07","slug":"aydinin-sembolu-incirin-gelecegi-masaya-yatirildi","status":"publish","type":"post","link":"https:\/\/www.egemtv.com\/?p=64125","title":{"rendered":"Ayd\u0131n\u2019\u0131n sembol\u00fc incirin gelece\u011fi masaya yat\u0131r\u0131ld\u0131"},"content":{"rendered":"<p>Ayd\u0131n\u2019\u0131n \u00f6nemli tar\u0131m \u00fcr\u00fcn\u00fc incirin korunarak gelece\u011fe ta\u015f\u0131nmas\u0131 amac\u0131yla \u0130klim De\u011fi\u015fikli\u011fi ve Mikrotoksinler konulu bir toplant\u0131 ger\u00e7ekle\u015ftirildi.<\/p>\n<p>D\u00fcnyan\u0131n en kaliteli incirlerinin yeti\u015fti\u011fi Ayd\u0131n\u2019da incirin gelece\u011fe ta\u015f\u0131nmas\u0131 ve yap\u0131lan \u00e7al\u0131\u015fmalar\u0131n de\u011ferlendirilmesi amac\u0131yla bir toplant\u0131 ger\u00e7ekle\u015ftirildi. \u0130klim De\u011fi\u015fikli\u011fi ve Mikrotoksinler konu ba\u015fl\u0131\u011f\u0131 alt\u0131nda ger\u00e7ekle\u015ftirilen toplant\u0131da Ayd\u0131n\u2019\u0131n simge \u00fcr\u00fcn\u00fc olan incirin korunarak gelece\u011fe ta\u015f\u0131nmas\u0131, \u00e7e\u015fitlili\u011finin art\u0131r\u0131lmas\u0131, verim ve kalitesinin y\u00fckseltilmesi ad\u0131na y\u00fcr\u00fct\u00fclen bilimsel \u00e7al\u0131\u015fmalar masaya yat\u0131r\u0131ld\u0131.<\/p>\n<p>Toplant\u0131 ile ilgili a\u00e7\u0131klamalarda bulunan Ayd\u0131n B\u00fcy\u00fck\u015fehir belediye Ba\u015fkan\u0131 \u00d6zlem \u00c7er\u00e7io\u011flu,&#8221;\u0130l Ba\u015fkan\u0131m\u0131z Mehmet Erdem, Milletvekillerimiz Seda Sar\u0131ba\u015f, Mustafa Sava\u015f, \u00d6mer \u00d6zmen ve \u0130ncirliova Belediye Ba\u015fkan\u0131m\u0131z Aytekin Kaya ile birlikte \u0130ncir Ara\u015ft\u0131rma Enstit\u00fcs\u00fc M\u00fcd\u00fcrl\u00fc\u011f\u00fc taraf\u0131ndan d\u00fczenlenen toplant\u0131ya kat\u0131l\u0131m sa\u011flad\u0131k. \u0130ncirimizi korumak i\u00e7in \u00e7al\u0131\u015fmaya ve Ayd\u0131n\u0131m\u0131z\u0131n de\u011ferlerine sahip \u00e7\u0131kmaya devam edece\u011fiz. \u0130ncir Ara\u015ft\u0131rmalar\u0131 Enstit\u00fcs\u00fc M\u00fcd\u00fcr\u00fcm\u00fcz Mehmet \u00d6zkul\u2019a misafirperverliklerinden dolay\u0131 te\u015fekk\u00fcr ederiz&#8221; denildi.<br \/><\/p>\n","protected":false},"excerpt":{"rendered":"<p>Ayd\u0131n\u2019\u0131n \u00f6nemli tar\u0131m \u00fcr\u00fcn\u00fc incirin korunarak gelece\u011fe ta\u015f\u0131nmas\u0131 amac\u0131yla \u0130klim De\u011fi\u015fikli\u011fi ve Mikrotoksinler konulu bir toplant\u0131 ger\u00e7ekle\u015ftirildi. D\u00fcnyan\u0131n en kaliteli incirlerinin yeti\u015fti\u011fi Ayd\u0131n\u2019da incirin gelece\u011fe ta\u015f\u0131nmas\u0131 ve yap\u0131lan \u00e7al\u0131\u015fmalar\u0131n de\u011ferlendirilmesi amac\u0131yla bir toplant\u0131 ger\u00e7ekle\u015ftirildi. \u0130klim De\u011fi\u015fikli\u011fi ve Mikrotoksinler konu ba\u015fl\u0131\u011f\u0131 alt\u0131nda ger\u00e7ekle\u015ftirilen toplant\u0131da Ayd\u0131n\u2019\u0131n simge \u00fcr\u00fcn\u00fc olan incirin korunarak gelece\u011fe ta\u015f\u0131nmas\u0131, \u00e7e\u015fitlili\u011finin art\u0131r\u0131lmas\u0131, verim ve&#8230;<\/p>\n","protected":false},"author":1,"featured_media":64126,"comment_status":"open","ping_status":"open","sticky":false,"template":"","format":"standard","meta":{"_crdt_document":"","footnotes":""},"categories":[1],"tags":[],"class_list":["post-64125","post","type-post","status-publish","format-standard","has-post-thumbnail","hentry","category-guncel"],"_links":{"self":[{"href":"https:\/\/www.egemtv.com\/index.php?rest_route=\/wp\/v2\/posts\/64125","targetHints":{"allow":["GET"]}}],"collection":[{"href":"https:\/\/www.egemtv.com\/index.php?rest_route=\/wp\/v2\/posts"}],"about":[{"href":"https:\/\/www.egemtv.com\/index.php?rest_route=\/wp\/v2\/types\/post"}],"author":[{"embeddable":true,"href":"https:\/\/www.egemtv.com\/index.php?rest_route=\/wp\/v2\/users\/1"}],"replies":[{"embeddable":true,"href":"https:\/\/www.egemtv.com\/index.php?rest_route=%2Fwp%2Fv2%2Fcomments&post=64125"}],"version-history":[{"count":1,"href":"https:\/\/www.egemtv.com\/index.php?rest_route=\/wp\/v2\/posts\/64125\/revisions"}],"predecessor-version":[{"id":64127,"href":"https:\/\/www.egemtv.com\/index.php?rest_route=\/wp\/v2\/posts\/64125\/revisions\/64127"}],"wp:featuredmedia":[{"embeddable":true,"href":"https:\/\/www.egemtv.com\/index.php?rest_route=\/wp\/v2\/media\/64126"}],"wp:attachment":[{"href":"https:\/\/www.egemtv.com\/index.php?rest_route=%2Fwp%2Fv2%2Fmedia&parent=64125"}],"wp:term":[{"taxonomy":"category","embeddable":true,"href":"https:\/\/www.egemtv.com\/index.php?rest_route=%2Fwp%2Fv2%2Fcategories&post=64125"},{"taxonomy":"post_tag","embeddable":true,"href":"https:\/\/www.egemtv.com\/index.php?rest_route=%2Fwp%2Fv2%2Ftags&post=64125"}],"curies":[{"name":"wp","href":"https:\/\/api.w.org\/{rel}","templated":true}]}}