{"id":64122,"date":"2025-10-27T15:15:23","date_gmt":"2025-10-27T12:15:23","guid":{"rendered":"https:\/\/www.egemtv.com\/?p=64122"},"modified":"2025-10-27T15:15:25","modified_gmt":"2025-10-27T12:15:25","slug":"marmarise-egitimde-bes-odul-birden-aldi","status":"publish","type":"post","link":"https:\/\/www.egemtv.com\/?p=64122","title":{"rendered":"Marmaris\u2019e e\u011fitimde be\u015f \u00f6d\u00fcl birden ald\u0131"},"content":{"rendered":"<p>Mu\u011fla \u0130l Milli E\u011fitim M\u00fcd\u00fcrl\u00fc\u011f\u00fc taraf\u0131ndan d\u00fczenlenen 2025 y\u0131l\u0131 &#8220;E\u011fitimde \u0130yi \u00d6rnekler Yar\u0131\u015fmas\u0131&#8221; sonu\u00e7land\u0131. Mu\u011fla genelinde 11 il\u00e7eden toplam 54 projenin de\u011ferlendirildi\u011fi yar\u0131\u015fmada, Marmaris il\u00e7esi be\u015f \u00f6d\u00fclle dikkatleri \u00fczerine \u00e7ekti.<\/p>\n<p>Mu\u011fla genelinde Mente\u015fe, Fethiye, Bodrum, Dat\u00e7a, Dalaman, Milas, Yata\u011fan, Seydikemer, Ortaca, Ula, K\u00f6yce\u011fiz ve Marmaris il\u00e7elerinden toplam 54 proje yar\u0131\u015ft\u0131. Be\u015f \u00f6d\u00fclle \u00f6ne \u00e7\u0131kan Marmaris, bu y\u0131l\u0131n yar\u0131\u015fmas\u0131nda en \u00e7ok derece alan il\u00e7elerden biri oldu.<\/p>\n<p>Marmaris Evren Pa\u015fa ilk\u00f6\u011fretim okulu, d\u00f6rt farkl\u0131 projesiyle \u00f6nemli dereceler elde etti. Evren Pa\u015fa \u0130lkokulu\u2019nun &#8220;Marmaris\u2019te Efsane Bir G\u00fcn&#8221; adl\u0131 \u00e7ocuk kitab\u0131 projesi, E\u011fitime Eri\u015fim kategorisinde \u00fc\u00e7\u00fcnc\u00fcl\u00fc\u011fe lay\u0131k g\u00f6r\u00fcld\u00fc.<\/p>\n<p>Evren Pa\u015fa Ortaokulu ise \u00fc\u00e7 farkl\u0131 alanda birincilik ve ikincilik \u00f6d\u00fclleri kazand\u0131. &#8220;Zaman\u0131n G\u00f6lgesinde Latmos Kitab\u0131&#8221; projesi Etkin \u00d6\u011fretim alan\u0131nda birinci, &#8220;Senfonik Miras Mu\u011fla&#8221; projesi K\u00fclt\u00fcr ve Sanat alan\u0131nda birinci, &#8220;Mavi \u0130z Akdeniz&#8221; projesi ise S\u00fcrd\u00fcr\u00fclebilir \u00c7evre ve Sa\u011fl\u0131kl\u0131 Ya\u015fam kategorisinde ikincilik \u00f6d\u00fcl\u00fcne de\u011fer bulundu.<\/p>\n<p>Bunun yan\u0131 s\u0131ra Marmaris \u0130l\u00e7e Milli E\u011fitim M\u00fcd\u00fcrl\u00fc\u011f\u00fc de &#8220;Hepimiz \u0130\u00e7in Ba\u011f\u0131ms\u0131z Gelecek&#8221; adl\u0131 projesiyle S\u00fcrd\u00fcr\u00fclebilir \u00c7evre ve Sa\u011fl\u0131kl\u0131 Ya\u015fam alan\u0131nda \u00fc\u00e7\u00fcnc\u00fcl\u00fck elde etti.<br \/><\/p>\n","protected":false},"excerpt":{"rendered":"<p>Mu\u011fla \u0130l Milli E\u011fitim M\u00fcd\u00fcrl\u00fc\u011f\u00fc taraf\u0131ndan d\u00fczenlenen 2025 y\u0131l\u0131 &#8220;E\u011fitimde \u0130yi \u00d6rnekler Yar\u0131\u015fmas\u0131&#8221; sonu\u00e7land\u0131. Mu\u011fla genelinde 11 il\u00e7eden toplam 54 projenin de\u011ferlendirildi\u011fi yar\u0131\u015fmada, Marmaris il\u00e7esi be\u015f \u00f6d\u00fclle dikkatleri \u00fczerine \u00e7ekti. Mu\u011fla genelinde Mente\u015fe, Fethiye, Bodrum, Dat\u00e7a, Dalaman, Milas, Yata\u011fan, Seydikemer, Ortaca, Ula, K\u00f6yce\u011fiz ve Marmaris il\u00e7elerinden toplam 54 proje yar\u0131\u015ft\u0131. Be\u015f \u00f6d\u00fclle \u00f6ne \u00e7\u0131kan Marmaris,&#8230;<\/p>\n","protected":false},"author":1,"featured_media":64123,"comment_status":"open","ping_status":"open","sticky":false,"template":"","format":"standard","meta":{"_crdt_document":"","footnotes":""},"categories":[1],"tags":[],"class_list":["post-64122","post","type-post","status-publish","format-standard","has-post-thumbnail","hentry","category-guncel"],"_links":{"self":[{"href":"https:\/\/www.egemtv.com\/index.php?rest_route=\/wp\/v2\/posts\/64122","targetHints":{"allow":["GET"]}}],"collection":[{"href":"https:\/\/www.egemtv.com\/index.php?rest_route=\/wp\/v2\/posts"}],"about":[{"href":"https:\/\/www.egemtv.com\/index.php?rest_route=\/wp\/v2\/types\/post"}],"author":[{"embeddable":true,"href":"https:\/\/www.egemtv.com\/index.php?rest_route=\/wp\/v2\/users\/1"}],"replies":[{"embeddable":true,"href":"https:\/\/www.egemtv.com\/index.php?rest_route=%2Fwp%2Fv2%2Fcomments&post=64122"}],"version-history":[{"count":1,"href":"https:\/\/www.egemtv.com\/index.php?rest_route=\/wp\/v2\/posts\/64122\/revisions"}],"predecessor-version":[{"id":64124,"href":"https:\/\/www.egemtv.com\/index.php?rest_route=\/wp\/v2\/posts\/64122\/revisions\/64124"}],"wp:featuredmedia":[{"embeddable":true,"href":"https:\/\/www.egemtv.com\/index.php?rest_route=\/wp\/v2\/media\/64123"}],"wp:attachment":[{"href":"https:\/\/www.egemtv.com\/index.php?rest_route=%2Fwp%2Fv2%2Fmedia&parent=64122"}],"wp:term":[{"taxonomy":"category","embeddable":true,"href":"https:\/\/www.egemtv.com\/index.php?rest_route=%2Fwp%2Fv2%2Fcategories&post=64122"},{"taxonomy":"post_tag","embeddable":true,"href":"https:\/\/www.egemtv.com\/index.php?rest_route=%2Fwp%2Fv2%2Ftags&post=64122"}],"curies":[{"name":"wp","href":"https:\/\/api.w.org\/{rel}","templated":true}]}}