{"id":64119,"date":"2025-10-27T15:15:14","date_gmt":"2025-10-27T12:15:14","guid":{"rendered":"https:\/\/www.egemtv.com\/?p=64119"},"modified":"2025-10-27T15:15:18","modified_gmt":"2025-10-27T12:15:18","slug":"bodrumda-malatyalilar-gecesi-renkli-goruntulere-sahne-oldu","status":"publish","type":"post","link":"https:\/\/www.egemtv.com\/?p=64119","title":{"rendered":"Bodrum\u2019da Malatyal\u0131lar gecesi renkli g\u00f6r\u00fcnt\u00fclere sahne oldu"},"content":{"rendered":"<p>Bodrum Malatyal\u0131lar Derne\u011fi taraf\u0131ndan d\u00fczenlenen &#8220;Malatyal\u0131lar Bulu\u015fma Gecesi&#8221; yo\u011fun kat\u0131l\u0131mla ger\u00e7ekle\u015fti. Gecede hem\u015fehrilik duygusu, m\u00fczik ve dostluk dolu anlar ya\u015fand\u0131.<\/p>\n<p>\u00dcnl\u00fc sunucu Duygu Meltem Yal\u00e7\u0131nkaya\u2019n\u0131n sunumuyla ger\u00e7ekle\u015fen gecede, Mustafa Y\u0131ld\u0131r\u0131m, B\u00fclent Tercan, Ferhat \u00c7il ve Mehmet Sevin sahne alarak konuklara keyifli anlar ya\u015fatt\u0131. Gecenin s\u00fcrprizi ise \u00fcnl\u00fc sanat\u00e7\u0131 Ekin\u2019in sahneye \u00e7\u0131kmas\u0131 oldu. Ekin, seslendirdi\u011fi sevilen \u015fark\u0131larla davetlilerden b\u00fcy\u00fck alk\u0131\u015f ald\u0131. Ayr\u0131ca sanat\u00e7\u0131 Didem de performans\u0131yla geceye renk katt\u0131.<\/p>\n<p>Programa; Bodrum \u0130l\u00e7e Emniyet M\u00fcd\u00fcr\u00fc Mehmet Darendeli, Sinema Y\u00f6netmeni \u00dcnal K\u00fcpeli, Fethiye Malatyal\u0131lar Derne\u011fi Ba\u015fkan\u0131 Ferdi Karaca, Dat\u00e7a Malatyal\u0131lar Derne\u011fi Ba\u015fkan\u0131 Abidin Kemal \u00d6zdiller, Marmaris Malatyal\u0131lar Derne\u011fi Y\u00f6netim Kurulu \u00dcyesi Y\u00fccel Sar\u0131kaya, ilerleyen ya\u015f\u0131na ra\u011fmen etkinli\u011fe kat\u0131lan Emekli B\u00fcy\u00fckel\u00e7i Nurettin Kayak\u00f6yl\u00fc ile birlikte Bodrum, Mu\u011fla ve \u00e7evre il\u00e7elerde ya\u015fayan \u00e7ok say\u0131da Malatyal\u0131 kat\u0131ld\u0131.<\/p>\n<p>Gecede konu\u015fan Bodrum Malatyal\u0131lar Derne\u011fi Ba\u015fkan\u0131 Nevzat \u00d6zbey, birlik ve dayan\u0131\u015fman\u0131n \u00f6nemine vurgu yaparak \u015funlar\u0131 s\u00f6yledi:<br \/>\n<br \/>&#8220;Tertipledi\u011fimiz bu bulu\u015fma gecemize uzaktan yak\u0131ndan i\u015ftirak eden hem\u015ferilerimize te\u015fekk\u00fcr ederim. Bu birlikteli\u011fi ya\u015fatan y\u00f6netim kurulu \u00fcyelerime de minnettar\u0131m. Bundan sonra bulu\u015fma gecelerimizi her y\u0131l, 29 Ekim Cumhuriyet Bayram\u0131 haftas\u0131na denk gelecek \u015fekilde gelenekselle\u015ftirmek istiyoruz. Ayr\u0131ca 4 Nisan 2026 tarihinde Mu\u011fla ve Ege b\u00f6lgesindeki t\u00fcm hem\u015ferilerimizi kapsayan b\u00fcy\u00fck bir gece planl\u0131yoruz.&#8221;<br \/>\n<br \/>Renkli anlara sahne olan gecede, konuklar m\u00fczik e\u015fli\u011finde ge\u00e7 saatlere kadar e\u011flendi.<br \/><\/p>\n","protected":false},"excerpt":{"rendered":"<p>Bodrum Malatyal\u0131lar Derne\u011fi taraf\u0131ndan d\u00fczenlenen &#8220;Malatyal\u0131lar Bulu\u015fma Gecesi&#8221; yo\u011fun kat\u0131l\u0131mla ger\u00e7ekle\u015fti. Gecede hem\u015fehrilik duygusu, m\u00fczik ve dostluk dolu anlar ya\u015fand\u0131. \u00dcnl\u00fc sunucu Duygu Meltem Yal\u00e7\u0131nkaya\u2019n\u0131n sunumuyla ger\u00e7ekle\u015fen gecede, Mustafa Y\u0131ld\u0131r\u0131m, B\u00fclent Tercan, Ferhat \u00c7il ve Mehmet Sevin sahne alarak konuklara keyifli anlar ya\u015fatt\u0131. Gecenin s\u00fcrprizi ise \u00fcnl\u00fc sanat\u00e7\u0131 Ekin\u2019in sahneye \u00e7\u0131kmas\u0131 oldu. Ekin, seslendirdi\u011fi sevilen&#8230;<\/p>\n","protected":false},"author":1,"featured_media":64120,"comment_status":"open","ping_status":"open","sticky":false,"template":"","format":"standard","meta":{"_crdt_document":"","footnotes":""},"categories":[1],"tags":[],"class_list":["post-64119","post","type-post","status-publish","format-standard","has-post-thumbnail","hentry","category-guncel"],"_links":{"self":[{"href":"https:\/\/www.egemtv.com\/index.php?rest_route=\/wp\/v2\/posts\/64119","targetHints":{"allow":["GET"]}}],"collection":[{"href":"https:\/\/www.egemtv.com\/index.php?rest_route=\/wp\/v2\/posts"}],"about":[{"href":"https:\/\/www.egemtv.com\/index.php?rest_route=\/wp\/v2\/types\/post"}],"author":[{"embeddable":true,"href":"https:\/\/www.egemtv.com\/index.php?rest_route=\/wp\/v2\/users\/1"}],"replies":[{"embeddable":true,"href":"https:\/\/www.egemtv.com\/index.php?rest_route=%2Fwp%2Fv2%2Fcomments&post=64119"}],"version-history":[{"count":1,"href":"https:\/\/www.egemtv.com\/index.php?rest_route=\/wp\/v2\/posts\/64119\/revisions"}],"predecessor-version":[{"id":64121,"href":"https:\/\/www.egemtv.com\/index.php?rest_route=\/wp\/v2\/posts\/64119\/revisions\/64121"}],"wp:featuredmedia":[{"embeddable":true,"href":"https:\/\/www.egemtv.com\/index.php?rest_route=\/wp\/v2\/media\/64120"}],"wp:attachment":[{"href":"https:\/\/www.egemtv.com\/index.php?rest_route=%2Fwp%2Fv2%2Fmedia&parent=64119"}],"wp:term":[{"taxonomy":"category","embeddable":true,"href":"https:\/\/www.egemtv.com\/index.php?rest_route=%2Fwp%2Fv2%2Fcategories&post=64119"},{"taxonomy":"post_tag","embeddable":true,"href":"https:\/\/www.egemtv.com\/index.php?rest_route=%2Fwp%2Fv2%2Ftags&post=64119"}],"curies":[{"name":"wp","href":"https:\/\/api.w.org\/{rel}","templated":true}]}}