{"id":64116,"date":"2025-10-27T15:15:09","date_gmt":"2025-10-27T12:15:09","guid":{"rendered":"https:\/\/www.egemtv.com\/?p=64116"},"modified":"2025-10-27T15:15:11","modified_gmt":"2025-10-27T12:15:11","slug":"amator-lig-macinda-cikan-tartismayi-polis-biber-gaziyla-bastirdi","status":"publish","type":"post","link":"https:\/\/www.egemtv.com\/?p=64116","title":{"rendered":"Amat\u00f6r lig ma\u00e7\u0131nda \u00e7\u0131kan tart\u0131\u015fmay\u0131 polis biber gaz\u0131yla bast\u0131rd\u0131"},"content":{"rendered":"<p>Denizli\u2019nin Pamukkale il\u00e7esindeki amat\u00f6r lig ma\u00e7\u0131nda iki tak\u0131m oyuncular\u0131 aras\u0131nda \u00e7\u0131kan tart\u0131\u015fma kavgaya d\u00f6n\u00fc\u015ft\u00fc. Kavgaya m\u00fcdahale eden polis ekibi biber gaz\u0131yla m\u00fcdahale etti. Sahadaki g\u00f6revliler taraf\u0131ndan sakinle\u015ftirilmeye \u00e7al\u0131\u015f\u0131lan polis, kendisine y\u00f6nelen herkesi biber gaz\u0131yla uzakla\u015ft\u0131rd\u0131.<\/p>\n<p>Olay, Denizli\u2019nin Pamukkale il\u00e7esi Aktepe Mahallesi\u2019nde bulunan Akvadi Stad\u0131\u2019nda oynanan 1. Amat\u00f6r Lig ma\u00e7\u0131 olan G\u00f6kb\u00f6r\u00fcg\u00fcc\u00fcspor-Pamukkalespor m\u00fccadelesi s\u0131ras\u0131nda ya\u015fand\u0131. Ma\u00e7\u0131n ilerleyen dakikalar\u0131nda iki tak\u0131m oyuncular\u0131 aras\u0131nda s\u00f6zl\u00fc tart\u0131\u015fma k\u0131sa s\u00fcrede b\u00fcy\u00fcyerek kavgaya d\u00f6n\u00fc\u015ft\u00fc. Saha kenar\u0131nda g\u00fcvenlik \u00f6nlemi alan polis ekipleri, kavgay\u0131 ay\u0131rmak i\u00e7in sahaya girdi. Ancak iddialara g\u00f6re, polis ekiplerinin m\u00fcdahalesi s\u0131ras\u0131nda G\u00f6kb\u00f6r\u00fcg\u00fcc\u00fcspor futbolcular\u0131na orant\u0131s\u0131z g\u00fc\u00e7 uyguland\u0131\u011f\u0131 ve baz\u0131 oyuncular\u0131n biber gaz\u0131ndan etkilendi\u011fi belirtildi. Olay\u0131n ard\u0131ndan saha i\u00e7inde b\u00fcy\u00fck panik ya\u015fan\u0131rken, futbolcular ve teknik ekip uzun s\u00fcre gazdan etkilenen arkada\u015flar\u0131na yard\u0131m etmeye \u00e7al\u0131\u015ft\u0131. Bir vatanda\u015f\u0131n cep telefonu g\u00f6r\u00fcnt\u00fclerine yans\u0131yan o anlarda, polis memurunun oyuncular\u0131 ay\u0131rd\u0131\u011f\u0131, daha sonra kendisini sakinle\u015ftirmeye gelen teknik ekipteki ki\u015filere ise biber gaz\u0131yla m\u00fcdahale etti\u011fi g\u00f6r\u00fcl\u00fcyor. Polis memuru kendisine y\u00f6nelen herkese biber gaz\u0131 s\u0131kmas\u0131 ise dikkatlerden ka\u00e7mad\u0131.<\/p>\n<p>Ma\u00e7, olaylar nedeniyle bir s\u00fcre durdu. Trib\u00fcnlerdeki seyirciler de m\u00fcdahaleye tepki g\u00f6sterdi.<br \/><\/p>\n","protected":false},"excerpt":{"rendered":"<p>Denizli\u2019nin Pamukkale il\u00e7esindeki amat\u00f6r lig ma\u00e7\u0131nda iki tak\u0131m oyuncular\u0131 aras\u0131nda \u00e7\u0131kan tart\u0131\u015fma kavgaya d\u00f6n\u00fc\u015ft\u00fc. Kavgaya m\u00fcdahale eden polis ekibi biber gaz\u0131yla m\u00fcdahale etti. Sahadaki g\u00f6revliler taraf\u0131ndan sakinle\u015ftirilmeye \u00e7al\u0131\u015f\u0131lan polis, kendisine y\u00f6nelen herkesi biber gaz\u0131yla uzakla\u015ft\u0131rd\u0131. Olay, Denizli\u2019nin Pamukkale il\u00e7esi Aktepe Mahallesi\u2019nde bulunan Akvadi Stad\u0131\u2019nda oynanan 1. Amat\u00f6r Lig ma\u00e7\u0131 olan G\u00f6kb\u00f6r\u00fcg\u00fcc\u00fcspor-Pamukkalespor m\u00fccadelesi s\u0131ras\u0131nda ya\u015fand\u0131. Ma\u00e7\u0131n&#8230;<\/p>\n","protected":false},"author":1,"featured_media":64117,"comment_status":"open","ping_status":"open","sticky":false,"template":"","format":"standard","meta":{"_crdt_document":"","footnotes":""},"categories":[5],"tags":[],"class_list":["post-64116","post","type-post","status-publish","format-standard","has-post-thumbnail","hentry","category-asayis"],"_links":{"self":[{"href":"https:\/\/www.egemtv.com\/index.php?rest_route=\/wp\/v2\/posts\/64116","targetHints":{"allow":["GET"]}}],"collection":[{"href":"https:\/\/www.egemtv.com\/index.php?rest_route=\/wp\/v2\/posts"}],"about":[{"href":"https:\/\/www.egemtv.com\/index.php?rest_route=\/wp\/v2\/types\/post"}],"author":[{"embeddable":true,"href":"https:\/\/www.egemtv.com\/index.php?rest_route=\/wp\/v2\/users\/1"}],"replies":[{"embeddable":true,"href":"https:\/\/www.egemtv.com\/index.php?rest_route=%2Fwp%2Fv2%2Fcomments&post=64116"}],"version-history":[{"count":1,"href":"https:\/\/www.egemtv.com\/index.php?rest_route=\/wp\/v2\/posts\/64116\/revisions"}],"predecessor-version":[{"id":64118,"href":"https:\/\/www.egemtv.com\/index.php?rest_route=\/wp\/v2\/posts\/64116\/revisions\/64118"}],"wp:featuredmedia":[{"embeddable":true,"href":"https:\/\/www.egemtv.com\/index.php?rest_route=\/wp\/v2\/media\/64117"}],"wp:attachment":[{"href":"https:\/\/www.egemtv.com\/index.php?rest_route=%2Fwp%2Fv2%2Fmedia&parent=64116"}],"wp:term":[{"taxonomy":"category","embeddable":true,"href":"https:\/\/www.egemtv.com\/index.php?rest_route=%2Fwp%2Fv2%2Fcategories&post=64116"},{"taxonomy":"post_tag","embeddable":true,"href":"https:\/\/www.egemtv.com\/index.php?rest_route=%2Fwp%2Fv2%2Ftags&post=64116"}],"curies":[{"name":"wp","href":"https:\/\/api.w.org\/{rel}","templated":true}]}}